{"id":2709,"date":"2025-08-19T16:46:19","date_gmt":"2025-08-19T21:46:19","guid":{"rendered":"https:\/\/aspaen.edu.co\/yumanitos\/?p=2709"},"modified":"2025-08-19T16:46:19","modified_gmt":"2025-08-19T21:46:19","slug":"celebramos-38-anos-de-historia-en-aspaen-neiva","status":"publish","type":"post","link":"https:\/\/aspaen.edu.co\/yumanitos\/2025\/08\/19\/celebramos-38-anos-de-historia-en-aspaen-neiva\/","title":{"rendered":"Celebramos 38 a\u00f1os de historia en Aspaen Neiva"},"content":{"rendered":"<h2>38 a\u00f1os Aspaen Yuman\u00e1 y Aspaen Yumanitos<\/h2>\n<p>Este 2 de agosto celebramos nuestro cumplea\u00f1os n\u00famero <strong>38<\/strong> en <strong><a href=\"https:\/\/aspaen.edu.co\/yumana\/aspaen-yumana\/#nuestra-historia\">Aspaen Yuman\u00e1 <\/a><\/strong>y <strong><a href=\"https:\/\/aspaen.edu.co\/yumanitos\/\">Aspaen Yumanitos<\/a><\/strong>. Un motivo de orgullo y gratitud al mirar atr\u00e1s y reconocer todo lo que hemos logrado juntos: estudiantes, familias, docentes y comunidad.<\/p>\n<p>Desde 1987 hemos crecido como una familia que cree en la formaci\u00f3n integral, en los valores y en una educaci\u00f3n que trasciende m\u00e1s all\u00e1 del aula. Celebramos no solo un aniversario, sino la historia de miles de ni\u00f1as y ni\u00f1os que han hecho parte de este sue\u00f1o.<\/p>\n<p><img fetchpriority=\"high\" decoding=\"async\" class=\"aligncenter  wp-image-2710\" src=\"https:\/\/aspaen.edu.co\/yumanitos\/wp-content\/uploads\/sites\/46\/2025\/08\/WhatsApp-Image-2025-08-19-at-4.37.46-PM-300x225.jpeg\" alt=\"Cumplea\u00f1os Aspa\" width=\"510\" height=\"383\" srcset=\"https:\/\/aspaen.edu.co\/yumanitos\/wp-content\/uploads\/sites\/46\/2025\/08\/WhatsApp-Image-2025-08-19-at-4.37.46-PM-300x225.jpeg 300w, https:\/\/aspaen.edu.co\/yumanitos\/wp-content\/uploads\/sites\/46\/2025\/08\/WhatsApp-Image-2025-08-19-at-4.37.46-PM-1024x768.jpeg 1024w, https:\/\/aspaen.edu.co\/yumanitos\/wp-content\/uploads\/sites\/46\/2025\/08\/WhatsApp-Image-2025-08-19-at-4.37.46-PM-768x576.jpeg 768w, https:\/\/aspaen.edu.co\/yumanitos\/wp-content\/uploads\/sites\/46\/2025\/08\/WhatsApp-Image-2025-08-19-at-4.37.46-PM-1536x1152.jpeg 1536w, https:\/\/aspaen.edu.co\/yumanitos\/wp-content\/uploads\/sites\/46\/2025\/08\/WhatsApp-Image-2025-08-19-at-4.37.46-PM-scaled.jpeg 2048w\" sizes=\"(max-width: 510px) 100vw, 510px\" \/><\/p>\n<p><strong>Nuestra trayectoria a lo largo del tiempo<\/strong><\/p>\n<ul>\n<li><strong>1992:<\/strong> Adquirimos el lote de nuestra sede actual. Con la ayuda de familias, estudiantes y funcionarios, construimos senderos, sembramos \u00e1rboles y dimos vida a nuestro espacio.<\/li>\n<li><strong>1993:<\/strong> Fuimos pioneros en la Feria de Universidades del Huila, acercando a los j\u00f3venes a las mejores opciones de educaci\u00f3n superior.<\/li>\n<li><strong>2012:<\/strong> Ingresamos como colegio asociado al <strong>Programa Cambridge International Education<\/strong>, reafirmando nuestro compromiso con el biling\u00fcismo y la educaci\u00f3n global.<\/li>\n<\/ul>\n<p><strong>Nuestro presente: m\u00e1s ingl\u00e9s.<\/strong><\/p>\n<p>Adem\u00e1s de celebrar este cumplea\u00f1os tan especial, compartimos con orgullo que hemos fortalecido nuestro modelo educativo con <a href=\"https:\/\/www.instagram.com\/p\/DGYbNnjAUq-\/\"><strong>GROW<\/strong><\/a>. Y desde las aulas de Elementary School nuestros estudiantes aprenden ingl\u00e9s en materias clave como <strong>Ciencias, Sociales, Matem\u00e1ticas e Ingl\u00e9s<\/strong>, lo que les permite prepararse para alcanzar un <strong>nivel C1 en grado 11<\/strong>.<\/p>\n<p>Este paso nos acerca cada vez m\u00e1s a nuestra meta: ser un colegio 100% biling\u00fce y continuar abriendo puertas a la internacionalizaci\u00f3n.<\/p>\n<p>Hoy, en <strong data-start=\"327\" data-end=\"356\">Aspaen Yuman\u00e1 y Yumanitos<\/strong>, reafirmamos nuestro compromiso con las familias al ofrecer una educaci\u00f3n que combina tradici\u00f3n, innovaci\u00f3n y biling\u00fcismo. Cada nuevo paso, como la implementaci\u00f3n de <strong data-start=\"523\" data-end=\"531\">GROW<\/strong> y el fortalecimiento del ingl\u00e9s en nuestras aulas, nos recuerda que estamos construyendo una comunidad preparada para los retos globales, sin olvidar la esencia que nos ha caracterizado durante casi cuatro d\u00e9cadas: formar personas \u00edntegras y felices.<\/p>\n","protected":false},"excerpt":{"rendered":"<p>38 a\u00f1os Aspaen Yuman\u00e1 y Aspaen Yumanitos Este 2 de agosto celebramos nuestro cumplea\u00f1os n\u00famero 38 en Aspaen Yuman\u00e1 y Aspaen Yumanitos. Un motivo de orgullo y gratitud al mirar atr\u00e1s y reconocer todo lo que hemos logrado juntos: estudiantes, familias, docentes y comunidad. Desde 1987 hemos crecido como una familia que cree en la [&hellip;]<\/p>\n","protected":false},"author":99,"featured_media":0,"comment_status":"closed","ping_status":"closed","sticky":false,"template":"","format":"standard","meta":{"footnotes":""},"categories":[8],"tags":[],"yoast_head":"<!-- This site is optimized with the Yoast SEO plugin v21.7 - https:\/\/yoast.com\/wordpress\/plugins\/seo\/ -->\n<title>Celebramos 38 a\u00f1os de historia en Aspaen Neiva - Aspaen Yumanitos<\/title>\n<meta name=\"description\" content=\"Celebramos 38 a\u00f1os en Aspaen Yuman\u00e1 y Yumanitos. Con GROW y m\u00e1s ingl\u00e9s, nuestros estudiantes se preparan para alcanzar el nivel C1.\" \/>\n<meta name=\"robots\" content=\"index, follow, max-snippet:-1, max-image-preview:large, max-video-preview:-1\" \/>\n<link rel=\"canonical\" href=\"https:\/\/aspaen.edu.co\/yumanitos\/2025\/08\/19\/celebramos-38-anos-de-historia-en-aspaen-neiva\/\" \/>\n<meta property=\"og:locale\" content=\"es_ES\" \/>\n<meta property=\"og:type\" content=\"article\" \/>\n<meta property=\"og:title\" content=\"Celebramos 38 a\u00f1os de historia en Aspaen Neiva - Aspaen Yumanitos\" \/>\n<meta property=\"og:description\" content=\"Celebramos 38 a\u00f1os en Aspaen Yuman\u00e1 y Yumanitos. Con GROW y m\u00e1s ingl\u00e9s, nuestros estudiantes se preparan para alcanzar el nivel C1.\" \/>\n<meta property=\"og:url\" content=\"https:\/\/aspaen.edu.co\/yumanitos\/2025\/08\/19\/celebramos-38-anos-de-historia-en-aspaen-neiva\/\" \/>\n<meta property=\"og:site_name\" content=\"Aspaen Yumanitos\" \/>\n<meta property=\"article:published_time\" content=\"2025-08-19T21:46:19+00:00\" \/>\n<meta property=\"og:image\" content=\"https:\/\/aspaen.edu.co\/yumanitos\/wp-content\/uploads\/sites\/46\/2025\/08\/WhatsApp-Image-2025-08-19-at-4.37.46-PM-300x225.jpeg\" \/>\n<meta name=\"author\" content=\"lvargas\" \/>\n<meta name=\"twitter:card\" content=\"summary_large_image\" \/>\n<meta name=\"twitter:label1\" content=\"Escrito por\" \/>\n\t<meta name=\"twitter:data1\" content=\"lvargas\" \/>\n\t<meta name=\"twitter:label2\" content=\"Tiempo de lectura\" \/>\n\t<meta name=\"twitter:data2\" content=\"2 minutos\" \/>\n<script type=\"application\/ld+json\" class=\"yoast-schema-graph\">{\"@context\":\"https:\/\/schema.org\",\"@graph\":[{\"@type\":\"Article\",\"@id\":\"https:\/\/aspaen.edu.co\/yumanitos\/2025\/08\/19\/celebramos-38-anos-de-historia-en-aspaen-neiva\/#article\",\"isPartOf\":{\"@id\":\"https:\/\/aspaen.edu.co\/yumanitos\/2025\/08\/19\/celebramos-38-anos-de-historia-en-aspaen-neiva\/\"},\"author\":{\"name\":\"lvargas\",\"@id\":\"https:\/\/aspaen.edu.co\/yumanitos\/#\/schema\/person\/c755728f482b4eae52d6961e1a3ead04\"},\"headline\":\"Celebramos 38 a\u00f1os de historia en Aspaen Neiva\",\"datePublished\":\"2025-08-19T21:46:19+00:00\",\"dateModified\":\"2025-08-19T21:46:19+00:00\",\"mainEntityOfPage\":{\"@id\":\"https:\/\/aspaen.edu.co\/yumanitos\/2025\/08\/19\/celebramos-38-anos-de-historia-en-aspaen-neiva\/\"},\"wordCount\":339,\"publisher\":{\"@id\":\"https:\/\/aspaen.edu.co\/yumanitos\/#organization\"},\"articleSection\":[\"Noticias\"],\"inLanguage\":\"es\"},{\"@type\":\"WebPage\",\"@id\":\"https:\/\/aspaen.edu.co\/yumanitos\/2025\/08\/19\/celebramos-38-anos-de-historia-en-aspaen-neiva\/\",\"url\":\"https:\/\/aspaen.edu.co\/yumanitos\/2025\/08\/19\/celebramos-38-anos-de-historia-en-aspaen-neiva\/\",\"name\":\"Celebramos 38 a\u00f1os de historia en Aspaen Neiva - Aspaen Yumanitos\",\"isPartOf\":{\"@id\":\"https:\/\/aspaen.edu.co\/yumanitos\/#website\"},\"datePublished\":\"2025-08-19T21:46:19+00:00\",\"dateModified\":\"2025-08-19T21:46:19+00:00\",\"description\":\"Celebramos 38 a\u00f1os en Aspaen Yuman\u00e1 y Yumanitos. Con GROW y m\u00e1s ingl\u00e9s, nuestros estudiantes se preparan para alcanzar el nivel C1.\",\"breadcrumb\":{\"@id\":\"https:\/\/aspaen.edu.co\/yumanitos\/2025\/08\/19\/celebramos-38-anos-de-historia-en-aspaen-neiva\/#breadcrumb\"},\"inLanguage\":\"es\",\"potentialAction\":[{\"@type\":\"ReadAction\",\"target\":[\"https:\/\/aspaen.edu.co\/yumanitos\/2025\/08\/19\/celebramos-38-anos-de-historia-en-aspaen-neiva\/\"]}]},{\"@type\":\"BreadcrumbList\",\"@id\":\"https:\/\/aspaen.edu.co\/yumanitos\/2025\/08\/19\/celebramos-38-anos-de-historia-en-aspaen-neiva\/#breadcrumb\",\"itemListElement\":[{\"@type\":\"ListItem\",\"position\":1,\"name\":\"Portada\",\"item\":\"https:\/\/aspaen.edu.co\/yumanitos\/\"},{\"@type\":\"ListItem\",\"position\":2,\"name\":\"Celebramos 38 a\u00f1os de historia en Aspaen Neiva\"}]},{\"@type\":\"WebSite\",\"@id\":\"https:\/\/aspaen.edu.co\/yumanitos\/#website\",\"url\":\"https:\/\/aspaen.edu.co\/yumanitos\/\",\"name\":\"Aspaen Yumanitos\",\"description\":\"Un buen comienzo para un buen futuro\",\"publisher\":{\"@id\":\"https:\/\/aspaen.edu.co\/yumanitos\/#organization\"},\"potentialAction\":[{\"@type\":\"SearchAction\",\"target\":{\"@type\":\"EntryPoint\",\"urlTemplate\":\"https:\/\/aspaen.edu.co\/yumanitos\/?s={search_term_string}\"},\"query-input\":\"required name=search_term_string\"}],\"inLanguage\":\"es\"},{\"@type\":\"Organization\",\"@id\":\"https:\/\/aspaen.edu.co\/yumanitos\/#organization\",\"name\":\"Aspaen Yumanitos\",\"url\":\"https:\/\/aspaen.edu.co\/yumanitos\/\",\"logo\":{\"@type\":\"ImageObject\",\"inLanguage\":\"es\",\"@id\":\"https:\/\/aspaen.edu.co\/yumanitos\/#\/schema\/logo\/image\/\",\"url\":\"https:\/\/aspaen.edu.co\/yumanitos\/wp-content\/uploads\/sites\/46\/2020\/06\/logo-yumanitos-x90.png\",\"contentUrl\":\"https:\/\/aspaen.edu.co\/yumanitos\/wp-content\/uploads\/sites\/46\/2020\/06\/logo-yumanitos-x90.png\",\"width\":230,\"height\":90,\"caption\":\"Aspaen Yumanitos\"},\"image\":{\"@id\":\"https:\/\/aspaen.edu.co\/yumanitos\/#\/schema\/logo\/image\/\"}},{\"@type\":\"Person\",\"@id\":\"https:\/\/aspaen.edu.co\/yumanitos\/#\/schema\/person\/c755728f482b4eae52d6961e1a3ead04\",\"name\":\"lvargas\",\"image\":{\"@type\":\"ImageObject\",\"inLanguage\":\"es\",\"@id\":\"https:\/\/aspaen.edu.co\/yumanitos\/#\/schema\/person\/image\/\",\"url\":\"https:\/\/secure.gravatar.com\/avatar\/1fab91a07461983b4ef9b95f9e817fa2?s=96&d=mm&r=g\",\"contentUrl\":\"https:\/\/secure.gravatar.com\/avatar\/1fab91a07461983b4ef9b95f9e817fa2?s=96&d=mm&r=g\",\"caption\":\"lvargas\"},\"url\":\"https:\/\/aspaen.edu.co\/yumanitos\/author\/lvargas\/\"}]}<\/script>\n<!-- \/ Yoast SEO plugin. -->","yoast_head_json":{"title":"Celebramos 38 a\u00f1os de historia en Aspaen Neiva - Aspaen Yumanitos","description":"Celebramos 38 a\u00f1os en Aspaen Yuman\u00e1 y Yumanitos. Con GROW y m\u00e1s ingl\u00e9s, nuestros estudiantes se preparan para alcanzar el nivel C1.","robots":{"index":"index","follow":"follow","max-snippet":"max-snippet:-1","max-image-preview":"max-image-preview:large","max-video-preview":"max-video-preview:-1"},"canonical":"https:\/\/aspaen.edu.co\/yumanitos\/2025\/08\/19\/celebramos-38-anos-de-historia-en-aspaen-neiva\/","og_locale":"es_ES","og_type":"article","og_title":"Celebramos 38 a\u00f1os de historia en Aspaen Neiva - Aspaen Yumanitos","og_description":"Celebramos 38 a\u00f1os en Aspaen Yuman\u00e1 y Yumanitos. Con GROW y m\u00e1s ingl\u00e9s, nuestros estudiantes se preparan para alcanzar el nivel C1.","og_url":"https:\/\/aspaen.edu.co\/yumanitos\/2025\/08\/19\/celebramos-38-anos-de-historia-en-aspaen-neiva\/","og_site_name":"Aspaen Yumanitos","article_published_time":"2025-08-19T21:46:19+00:00","og_image":[{"url":"https:\/\/aspaen.edu.co\/yumanitos\/wp-content\/uploads\/sites\/46\/2025\/08\/WhatsApp-Image-2025-08-19-at-4.37.46-PM-300x225.jpeg"}],"author":"lvargas","twitter_card":"summary_large_image","twitter_misc":{"Escrito por":"lvargas","Tiempo de lectura":"2 minutos"},"schema":{"@context":"https:\/\/schema.org","@graph":[{"@type":"Article","@id":"https:\/\/aspaen.edu.co\/yumanitos\/2025\/08\/19\/celebramos-38-anos-de-historia-en-aspaen-neiva\/#article","isPartOf":{"@id":"https:\/\/aspaen.edu.co\/yumanitos\/2025\/08\/19\/celebramos-38-anos-de-historia-en-aspaen-neiva\/"},"author":{"name":"lvargas","@id":"https:\/\/aspaen.edu.co\/yumanitos\/#\/schema\/person\/c755728f482b4eae52d6961e1a3ead04"},"headline":"Celebramos 38 a\u00f1os de historia en Aspaen Neiva","datePublished":"2025-08-19T21:46:19+00:00","dateModified":"2025-08-19T21:46:19+00:00","mainEntityOfPage":{"@id":"https:\/\/aspaen.edu.co\/yumanitos\/2025\/08\/19\/celebramos-38-anos-de-historia-en-aspaen-neiva\/"},"wordCount":339,"publisher":{"@id":"https:\/\/aspaen.edu.co\/yumanitos\/#organization"},"articleSection":["Noticias"],"inLanguage":"es"},{"@type":"WebPage","@id":"https:\/\/aspaen.edu.co\/yumanitos\/2025\/08\/19\/celebramos-38-anos-de-historia-en-aspaen-neiva\/","url":"https:\/\/aspaen.edu.co\/yumanitos\/2025\/08\/19\/celebramos-38-anos-de-historia-en-aspaen-neiva\/","name":"Celebramos 38 a\u00f1os de historia en Aspaen Neiva - Aspaen Yumanitos","isPartOf":{"@id":"https:\/\/aspaen.edu.co\/yumanitos\/#website"},"datePublished":"2025-08-19T21:46:19+00:00","dateModified":"2025-08-19T21:46:19+00:00","description":"Celebramos 38 a\u00f1os en Aspaen Yuman\u00e1 y Yumanitos. Con GROW y m\u00e1s ingl\u00e9s, nuestros estudiantes se preparan para alcanzar el nivel C1.","breadcrumb":{"@id":"https:\/\/aspaen.edu.co\/yumanitos\/2025\/08\/19\/celebramos-38-anos-de-historia-en-aspaen-neiva\/#breadcrumb"},"inLanguage":"es","potentialAction":[{"@type":"ReadAction","target":["https:\/\/aspaen.edu.co\/yumanitos\/2025\/08\/19\/celebramos-38-anos-de-historia-en-aspaen-neiva\/"]}]},{"@type":"BreadcrumbList","@id":"https:\/\/aspaen.edu.co\/yumanitos\/2025\/08\/19\/celebramos-38-anos-de-historia-en-aspaen-neiva\/#breadcrumb","itemListElement":[{"@type":"ListItem","position":1,"name":"Portada","item":"https:\/\/aspaen.edu.co\/yumanitos\/"},{"@type":"ListItem","position":2,"name":"Celebramos 38 a\u00f1os de historia en Aspaen Neiva"}]},{"@type":"WebSite","@id":"https:\/\/aspaen.edu.co\/yumanitos\/#website","url":"https:\/\/aspaen.edu.co\/yumanitos\/","name":"Aspaen Yumanitos","description":"Un buen comienzo para un buen futuro","publisher":{"@id":"https:\/\/aspaen.edu.co\/yumanitos\/#organization"},"potentialAction":[{"@type":"SearchAction","target":{"@type":"EntryPoint","urlTemplate":"https:\/\/aspaen.edu.co\/yumanitos\/?s={search_term_string}"},"query-input":"required name=search_term_string"}],"inLanguage":"es"},{"@type":"Organization","@id":"https:\/\/aspaen.edu.co\/yumanitos\/#organization","name":"Aspaen Yumanitos","url":"https:\/\/aspaen.edu.co\/yumanitos\/","logo":{"@type":"ImageObject","inLanguage":"es","@id":"https:\/\/aspaen.edu.co\/yumanitos\/#\/schema\/logo\/image\/","url":"https:\/\/aspaen.edu.co\/yumanitos\/wp-content\/uploads\/sites\/46\/2020\/06\/logo-yumanitos-x90.png","contentUrl":"https:\/\/aspaen.edu.co\/yumanitos\/wp-content\/uploads\/sites\/46\/2020\/06\/logo-yumanitos-x90.png","width":230,"height":90,"caption":"Aspaen Yumanitos"},"image":{"@id":"https:\/\/aspaen.edu.co\/yumanitos\/#\/schema\/logo\/image\/"}},{"@type":"Person","@id":"https:\/\/aspaen.edu.co\/yumanitos\/#\/schema\/person\/c755728f482b4eae52d6961e1a3ead04","name":"lvargas","image":{"@type":"ImageObject","inLanguage":"es","@id":"https:\/\/aspaen.edu.co\/yumanitos\/#\/schema\/person\/image\/","url":"https:\/\/secure.gravatar.com\/avatar\/1fab91a07461983b4ef9b95f9e817fa2?s=96&d=mm&r=g","contentUrl":"https:\/\/secure.gravatar.com\/avatar\/1fab91a07461983b4ef9b95f9e817fa2?s=96&d=mm&r=g","caption":"lvargas"},"url":"https:\/\/aspaen.edu.co\/yumanitos\/author\/lvargas\/"}]}},"_links":{"self":[{"href":"https:\/\/aspaen.edu.co\/yumanitos\/wp-json\/wp\/v2\/posts\/2709"}],"collection":[{"href":"https:\/\/aspaen.edu.co\/yumanitos\/wp-json\/wp\/v2\/posts"}],"about":[{"href":"https:\/\/aspaen.edu.co\/yumanitos\/wp-json\/wp\/v2\/types\/post"}],"author":[{"embeddable":true,"href":"https:\/\/aspaen.edu.co\/yumanitos\/wp-json\/wp\/v2\/users\/99"}],"replies":[{"embeddable":true,"href":"https:\/\/aspaen.edu.co\/yumanitos\/wp-json\/wp\/v2\/comments?post=2709"}],"version-history":[{"count":1,"href":"https:\/\/aspaen.edu.co\/yumanitos\/wp-json\/wp\/v2\/posts\/2709\/revisions"}],"predecessor-version":[{"id":2711,"href":"https:\/\/aspaen.edu.co\/yumanitos\/wp-json\/wp\/v2\/posts\/2709\/revisions\/2711"}],"wp:attachment":[{"href":"https:\/\/aspaen.edu.co\/yumanitos\/wp-json\/wp\/v2\/media?parent=2709"}],"wp:term":[{"taxonomy":"category","embeddable":true,"href":"https:\/\/aspaen.edu.co\/yumanitos\/wp-json\/wp\/v2\/categories?post=2709"},{"taxonomy":"post_tag","embeddable":true,"href":"https:\/\/aspaen.edu.co\/yumanitos\/wp-json\/wp\/v2\/tags?post=2709"}],"curies":[{"name":"wp","href":"https:\/\/api.w.org\/{rel}","templated":true}]}}