{"id":2177,"date":"2020-09-22T23:42:55","date_gmt":"2020-09-22T23:42:55","guid":{"rendered":"https:\/\/aspaen.edu.co\/tamaiti\/?p=2177"},"modified":"2020-09-22T23:42:57","modified_gmt":"2020-09-22T23:42:57","slug":"en-aspaen-tamaiti-los-ninos-son-protagonistas-de-su-proceso-educativo","status":"publish","type":"post","link":"https:\/\/aspaen.edu.co\/tamaiti\/2020\/09\/22\/en-aspaen-tamaiti-los-ninos-son-protagonistas-de-su-proceso-educativo\/","title":{"rendered":"En Aspaen Tamait\u00ed, los ni\u00f1os son protagonistas de su proceso educativo"},"content":{"rendered":"\n<p>En los preescolares Aspaen, trabajamos con nuestra estrategia pedag\u00f3gica PRIME en la cual, a trav\u00e9s de proyectos l\u00fadicos integrales, implementamos actividades que tienen en cuenta todas las dimensiones del desarrollo del ser humano.\u00a0<\/p>\n\n\n\n<p>Bajo esta estrategia, los ni\u00f1os y ni\u00f1as se destacan como protagonistas de su propio proceso educativo, la familia como eje radical de la formaci\u00f3n infantil y nuestro equipo de profesoras como apoyo orientador del proceso.<\/p>\n\n\n\n<p>En este marco, los ni\u00f1os de Prekinder de Tamait\u00ed despiden su proyecto \u201cEl mundo m\u00e1gico debajo del mar\u201d en el que adem\u00e1s de conocer todas las maravillas creadas por Dios para el mundo marino, interiorizaron la importancia de su cuidado y preservaci\u00f3n.&nbsp;<\/p>\n\n\n\n<p>Y por su parte los ni\u00f1os de K\u00ednder emprenden uno de los m\u00e1s fant\u00e1sticos viajes a trav\u00e9s de su proyecto \u201cMi incre\u00edble universo\u201d en el que con innovadoras y divertidas actividades despertamos el inter\u00e9s y la curiosidad de nuestros ni\u00f1os por conocer todas las maravillas que se encuentran en el Espacio.<\/p>\n\n\n\n<div class=\"wp-block-jetpack-tiled-gallery aligncenter is-style-rectangular\"><div class=\"tiled-gallery__gallery\"><div class=\"tiled-gallery__row\"><div class=\"tiled-gallery__col\" style=\"flex-basis:66.73850574712642%\"><figure class=\"tiled-gallery__item\"><img decoding=\"async\" alt=\"\" data-height=\"1080\" data-id=\"2178\" data-link=\"https:\/\/aspaen.edu.co\/tamaiti\/?attachment_id=2178\" data-url=\"https:\/\/aspaen.edu.co\/tamaiti\/wp-content\/uploads\/sites\/44\/2020\/09\/Mundo-magico-debajo-del-mar-13.jpg\" data-width=\"1080\" src=\"https:\/\/i1.wp.com\/aspaen.edu.co\/tamaiti\/wp-content\/uploads\/sites\/44\/2020\/09\/Mundo-magico-debajo-del-mar-13.jpg?ssl=1\" \/><\/figure><\/div><div class=\"tiled-gallery__col\" style=\"flex-basis:33.26149425287356%\"><figure class=\"tiled-gallery__item\"><img decoding=\"async\" alt=\"\" data-height=\"1080\" data-id=\"2179\" data-link=\"https:\/\/aspaen.edu.co\/tamaiti\/?attachment_id=2179\" data-url=\"https:\/\/aspaen.edu.co\/tamaiti\/wp-content\/uploads\/sites\/44\/2020\/09\/Mundo-magico-debajo-del-mar-8.jpg\" data-width=\"1080\" src=\"https:\/\/i1.wp.com\/aspaen.edu.co\/tamaiti\/wp-content\/uploads\/sites\/44\/2020\/09\/Mundo-magico-debajo-del-mar-8.jpg?ssl=1\" \/><\/figure><figure class=\"tiled-gallery__item\"><img decoding=\"async\" alt=\"\" data-height=\"1080\" data-id=\"2180\" data-link=\"https:\/\/aspaen.edu.co\/tamaiti\/?attachment_id=2180\" data-url=\"https:\/\/aspaen.edu.co\/tamaiti\/wp-content\/uploads\/sites\/44\/2020\/09\/Mundo-magico-debajo-del-mar-7.jpg\" data-width=\"1080\" src=\"https:\/\/i1.wp.com\/aspaen.edu.co\/tamaiti\/wp-content\/uploads\/sites\/44\/2020\/09\/Mundo-magico-debajo-del-mar-7.jpg?ssl=1\" \/><\/figure><\/div><\/div><div class=\"tiled-gallery__row\"><div class=\"tiled-gallery__col\" style=\"flex-basis:50%\"><figure class=\"tiled-gallery__item\"><img decoding=\"async\" alt=\"\" data-height=\"1080\" data-id=\"2181\" data-link=\"https:\/\/aspaen.edu.co\/tamaiti\/?attachment_id=2181\" data-url=\"https:\/\/aspaen.edu.co\/tamaiti\/wp-content\/uploads\/sites\/44\/2020\/09\/Mundo-magico-debajo-del-mar-6.jpg\" data-width=\"1080\" src=\"https:\/\/i0.wp.com\/aspaen.edu.co\/tamaiti\/wp-content\/uploads\/sites\/44\/2020\/09\/Mundo-magico-debajo-del-mar-6.jpg?ssl=1\" \/><\/figure><\/div><div class=\"tiled-gallery__col\" style=\"flex-basis:50%\"><figure class=\"tiled-gallery__item\"><img decoding=\"async\" alt=\"\" data-height=\"1080\" data-id=\"2182\" data-link=\"https:\/\/aspaen.edu.co\/tamaiti\/?attachment_id=2182\" data-url=\"https:\/\/aspaen.edu.co\/tamaiti\/wp-content\/uploads\/sites\/44\/2020\/09\/Mundo-magico-debajo-del-mar-3.jpg\" data-width=\"1080\" src=\"https:\/\/i1.wp.com\/aspaen.edu.co\/tamaiti\/wp-content\/uploads\/sites\/44\/2020\/09\/Mundo-magico-debajo-del-mar-3.jpg?ssl=1\" \/><\/figure><\/div><\/div><\/div><\/div>\n","protected":false},"excerpt":{"rendered":"<p>En los preescolares Aspaen, trabajamos con nuestra estrategia pedag\u00f3gica PRIME en la cual, a trav\u00e9s de proyectos l\u00fadicos integrales, implementamos actividades que tienen en cuenta todas las dimensiones del desarrollo del ser humano. <\/p>\n","protected":false},"author":2,"featured_media":2180,"comment_status":"closed","ping_status":"closed","sticky":false,"template":"","format":"standard","meta":{"footnotes":""},"categories":[8],"tags":[30,24,32],"yoast_head":"<!-- This site is optimized with the Yoast SEO plugin v21.7 - https:\/\/yoast.com\/wordpress\/plugins\/seo\/ -->\n<title>En Aspaen Tamait\u00ed, los ni\u00f1os son protagonistas de su proceso educativo - Aspaen Tamait\u00ed<\/title>\n<meta name=\"robots\" content=\"index, follow, max-snippet:-1, max-image-preview:large, max-video-preview:-1\" \/>\n<link rel=\"canonical\" href=\"https:\/\/aspaen.edu.co\/tamaiti\/2020\/09\/22\/en-aspaen-tamaiti-los-ninos-son-protagonistas-de-su-proceso-educativo\/\" \/>\n<meta property=\"og:locale\" content=\"es_ES\" \/>\n<meta property=\"og:type\" content=\"article\" \/>\n<meta property=\"og:title\" content=\"En Aspaen Tamait\u00ed, los ni\u00f1os son protagonistas de su proceso educativo - Aspaen Tamait\u00ed\" \/>\n<meta property=\"og:description\" content=\"En los preescolares Aspaen, trabajamos con nuestra estrategia pedag\u00f3gica PRIME en la cual, a trav\u00e9s de proyectos l\u00fadicos integrales, implementamos actividades que tienen en cuenta todas las dimensiones del desarrollo del ser humano.\" \/>\n<meta property=\"og:url\" content=\"https:\/\/aspaen.edu.co\/tamaiti\/2020\/09\/22\/en-aspaen-tamaiti-los-ninos-son-protagonistas-de-su-proceso-educativo\/\" \/>\n<meta property=\"og:site_name\" content=\"Aspaen Tamait\u00ed\" \/>\n<meta property=\"article:published_time\" content=\"2020-09-22T23:42:55+00:00\" \/>\n<meta property=\"article:modified_time\" content=\"2020-09-22T23:42:57+00:00\" \/>\n<meta property=\"og:image\" content=\"https:\/\/aspaen.edu.co\/tamaiti\/wp-content\/uploads\/sites\/44\/2020\/09\/Mundo-magico-debajo-del-mar-7.jpg\" \/>\n\t<meta property=\"og:image:width\" content=\"1080\" \/>\n\t<meta property=\"og:image:height\" content=\"1080\" \/>\n\t<meta property=\"og:image:type\" content=\"image\/jpeg\" \/>\n<meta name=\"author\" content=\"aspaen\" \/>\n<meta name=\"twitter:card\" content=\"summary_large_image\" \/>\n<meta name=\"twitter:label1\" content=\"Escrito por\" \/>\n\t<meta name=\"twitter:data1\" content=\"aspaen\" \/>\n\t<meta name=\"twitter:label2\" content=\"Tiempo de lectura\" \/>\n\t<meta name=\"twitter:data2\" content=\"1 minuto\" \/>\n<script type=\"application\/ld+json\" class=\"yoast-schema-graph\">{\"@context\":\"https:\/\/schema.org\",\"@graph\":[{\"@type\":\"Article\",\"@id\":\"https:\/\/aspaen.edu.co\/tamaiti\/2020\/09\/22\/en-aspaen-tamaiti-los-ninos-son-protagonistas-de-su-proceso-educativo\/#article\",\"isPartOf\":{\"@id\":\"https:\/\/aspaen.edu.co\/tamaiti\/2020\/09\/22\/en-aspaen-tamaiti-los-ninos-son-protagonistas-de-su-proceso-educativo\/\"},\"author\":{\"name\":\"aspaen\",\"@id\":\"https:\/\/aspaen.edu.co\/tamaiti\/#\/schema\/person\/429eddbdb6a1c197efde8a7a10c9394d\"},\"headline\":\"En Aspaen Tamait\u00ed, los ni\u00f1os son protagonistas de su proceso educativo\",\"datePublished\":\"2020-09-22T23:42:55+00:00\",\"dateModified\":\"2020-09-22T23:42:57+00:00\",\"mainEntityOfPage\":{\"@id\":\"https:\/\/aspaen.edu.co\/tamaiti\/2020\/09\/22\/en-aspaen-tamaiti-los-ninos-son-protagonistas-de-su-proceso-educativo\/\"},\"wordCount\":192,\"publisher\":{\"@id\":\"https:\/\/aspaen.edu.co\/tamaiti\/#organization\"},\"keywords\":[\"Academia\",\"Familia\",\"formaci\u00f3n\"],\"articleSection\":[\"Noticias\"],\"inLanguage\":\"es\"},{\"@type\":\"WebPage\",\"@id\":\"https:\/\/aspaen.edu.co\/tamaiti\/2020\/09\/22\/en-aspaen-tamaiti-los-ninos-son-protagonistas-de-su-proceso-educativo\/\",\"url\":\"https:\/\/aspaen.edu.co\/tamaiti\/2020\/09\/22\/en-aspaen-tamaiti-los-ninos-son-protagonistas-de-su-proceso-educativo\/\",\"name\":\"En Aspaen Tamait\u00ed, los ni\u00f1os son protagonistas de su proceso educativo - Aspaen Tamait\u00ed\",\"isPartOf\":{\"@id\":\"https:\/\/aspaen.edu.co\/tamaiti\/#website\"},\"datePublished\":\"2020-09-22T23:42:55+00:00\",\"dateModified\":\"2020-09-22T23:42:57+00:00\",\"breadcrumb\":{\"@id\":\"https:\/\/aspaen.edu.co\/tamaiti\/2020\/09\/22\/en-aspaen-tamaiti-los-ninos-son-protagonistas-de-su-proceso-educativo\/#breadcrumb\"},\"inLanguage\":\"es\",\"potentialAction\":[{\"@type\":\"ReadAction\",\"target\":[\"https:\/\/aspaen.edu.co\/tamaiti\/2020\/09\/22\/en-aspaen-tamaiti-los-ninos-son-protagonistas-de-su-proceso-educativo\/\"]}]},{\"@type\":\"BreadcrumbList\",\"@id\":\"https:\/\/aspaen.edu.co\/tamaiti\/2020\/09\/22\/en-aspaen-tamaiti-los-ninos-son-protagonistas-de-su-proceso-educativo\/#breadcrumb\",\"itemListElement\":[{\"@type\":\"ListItem\",\"position\":1,\"name\":\"Portada\",\"item\":\"https:\/\/aspaen.edu.co\/tamaiti\/\"},{\"@type\":\"ListItem\",\"position\":2,\"name\":\"En Aspaen Tamait\u00ed, los ni\u00f1os son protagonistas de su proceso educativo\"}]},{\"@type\":\"WebSite\",\"@id\":\"https:\/\/aspaen.edu.co\/tamaiti\/#website\",\"url\":\"https:\/\/aspaen.edu.co\/tamaiti\/\",\"name\":\"Aspaen Tamait\u00ed\",\"description\":\"Un buen comienzo para un buen futuro\",\"publisher\":{\"@id\":\"https:\/\/aspaen.edu.co\/tamaiti\/#organization\"},\"potentialAction\":[{\"@type\":\"SearchAction\",\"target\":{\"@type\":\"EntryPoint\",\"urlTemplate\":\"https:\/\/aspaen.edu.co\/tamaiti\/?s={search_term_string}\"},\"query-input\":\"required name=search_term_string\"}],\"inLanguage\":\"es\"},{\"@type\":\"Organization\",\"@id\":\"https:\/\/aspaen.edu.co\/tamaiti\/#organization\",\"name\":\"Aspaen Tamait\u00ed\",\"url\":\"https:\/\/aspaen.edu.co\/tamaiti\/\",\"logo\":{\"@type\":\"ImageObject\",\"inLanguage\":\"es\",\"@id\":\"https:\/\/aspaen.edu.co\/tamaiti\/#\/schema\/logo\/image\/\",\"url\":\"https:\/\/aspaen.edu.co\/tamaiti\/wp-content\/uploads\/sites\/44\/2020\/06\/logo-tamaiti-x90.png\",\"contentUrl\":\"https:\/\/aspaen.edu.co\/tamaiti\/wp-content\/uploads\/sites\/44\/2020\/06\/logo-tamaiti-x90.png\",\"width\":198,\"height\":90,\"caption\":\"Aspaen Tamait\u00ed\"},\"image\":{\"@id\":\"https:\/\/aspaen.edu.co\/tamaiti\/#\/schema\/logo\/image\/\"}},{\"@type\":\"Person\",\"@id\":\"https:\/\/aspaen.edu.co\/tamaiti\/#\/schema\/person\/429eddbdb6a1c197efde8a7a10c9394d\",\"name\":\"aspaen\",\"image\":{\"@type\":\"ImageObject\",\"inLanguage\":\"es\",\"@id\":\"https:\/\/aspaen.edu.co\/tamaiti\/#\/schema\/person\/image\/\",\"url\":\"https:\/\/secure.gravatar.com\/avatar\/409832325222a1ed60d7e596e3292bc6?s=96&d=mm&r=g\",\"contentUrl\":\"https:\/\/secure.gravatar.com\/avatar\/409832325222a1ed60d7e596e3292bc6?s=96&d=mm&r=g\",\"caption\":\"aspaen\"},\"url\":\"https:\/\/aspaen.edu.co\/tamaiti\/author\/aspaen\/\"}]}<\/script>\n<!-- \/ Yoast SEO plugin. -->","yoast_head_json":{"title":"En Aspaen Tamait\u00ed, los ni\u00f1os son protagonistas de su proceso educativo - Aspaen Tamait\u00ed","robots":{"index":"index","follow":"follow","max-snippet":"max-snippet:-1","max-image-preview":"max-image-preview:large","max-video-preview":"max-video-preview:-1"},"canonical":"https:\/\/aspaen.edu.co\/tamaiti\/2020\/09\/22\/en-aspaen-tamaiti-los-ninos-son-protagonistas-de-su-proceso-educativo\/","og_locale":"es_ES","og_type":"article","og_title":"En Aspaen Tamait\u00ed, los ni\u00f1os son protagonistas de su proceso educativo - Aspaen Tamait\u00ed","og_description":"En los preescolares Aspaen, trabajamos con nuestra estrategia pedag\u00f3gica PRIME en la cual, a trav\u00e9s de proyectos l\u00fadicos integrales, implementamos actividades que tienen en cuenta todas las dimensiones del desarrollo del ser humano.","og_url":"https:\/\/aspaen.edu.co\/tamaiti\/2020\/09\/22\/en-aspaen-tamaiti-los-ninos-son-protagonistas-de-su-proceso-educativo\/","og_site_name":"Aspaen Tamait\u00ed","article_published_time":"2020-09-22T23:42:55+00:00","article_modified_time":"2020-09-22T23:42:57+00:00","og_image":[{"width":1080,"height":1080,"url":"https:\/\/aspaen.edu.co\/tamaiti\/wp-content\/uploads\/sites\/44\/2020\/09\/Mundo-magico-debajo-del-mar-7.jpg","type":"image\/jpeg"}],"author":"aspaen","twitter_card":"summary_large_image","twitter_misc":{"Escrito por":"aspaen","Tiempo de lectura":"1 minuto"},"schema":{"@context":"https:\/\/schema.org","@graph":[{"@type":"Article","@id":"https:\/\/aspaen.edu.co\/tamaiti\/2020\/09\/22\/en-aspaen-tamaiti-los-ninos-son-protagonistas-de-su-proceso-educativo\/#article","isPartOf":{"@id":"https:\/\/aspaen.edu.co\/tamaiti\/2020\/09\/22\/en-aspaen-tamaiti-los-ninos-son-protagonistas-de-su-proceso-educativo\/"},"author":{"name":"aspaen","@id":"https:\/\/aspaen.edu.co\/tamaiti\/#\/schema\/person\/429eddbdb6a1c197efde8a7a10c9394d"},"headline":"En Aspaen Tamait\u00ed, los ni\u00f1os son protagonistas de su proceso educativo","datePublished":"2020-09-22T23:42:55+00:00","dateModified":"2020-09-22T23:42:57+00:00","mainEntityOfPage":{"@id":"https:\/\/aspaen.edu.co\/tamaiti\/2020\/09\/22\/en-aspaen-tamaiti-los-ninos-son-protagonistas-de-su-proceso-educativo\/"},"wordCount":192,"publisher":{"@id":"https:\/\/aspaen.edu.co\/tamaiti\/#organization"},"keywords":["Academia","Familia","formaci\u00f3n"],"articleSection":["Noticias"],"inLanguage":"es"},{"@type":"WebPage","@id":"https:\/\/aspaen.edu.co\/tamaiti\/2020\/09\/22\/en-aspaen-tamaiti-los-ninos-son-protagonistas-de-su-proceso-educativo\/","url":"https:\/\/aspaen.edu.co\/tamaiti\/2020\/09\/22\/en-aspaen-tamaiti-los-ninos-son-protagonistas-de-su-proceso-educativo\/","name":"En Aspaen Tamait\u00ed, los ni\u00f1os son protagonistas de su proceso educativo - Aspaen Tamait\u00ed","isPartOf":{"@id":"https:\/\/aspaen.edu.co\/tamaiti\/#website"},"datePublished":"2020-09-22T23:42:55+00:00","dateModified":"2020-09-22T23:42:57+00:00","breadcrumb":{"@id":"https:\/\/aspaen.edu.co\/tamaiti\/2020\/09\/22\/en-aspaen-tamaiti-los-ninos-son-protagonistas-de-su-proceso-educativo\/#breadcrumb"},"inLanguage":"es","potentialAction":[{"@type":"ReadAction","target":["https:\/\/aspaen.edu.co\/tamaiti\/2020\/09\/22\/en-aspaen-tamaiti-los-ninos-son-protagonistas-de-su-proceso-educativo\/"]}]},{"@type":"BreadcrumbList","@id":"https:\/\/aspaen.edu.co\/tamaiti\/2020\/09\/22\/en-aspaen-tamaiti-los-ninos-son-protagonistas-de-su-proceso-educativo\/#breadcrumb","itemListElement":[{"@type":"ListItem","position":1,"name":"Portada","item":"https:\/\/aspaen.edu.co\/tamaiti\/"},{"@type":"ListItem","position":2,"name":"En Aspaen Tamait\u00ed, los ni\u00f1os son protagonistas de su proceso educativo"}]},{"@type":"WebSite","@id":"https:\/\/aspaen.edu.co\/tamaiti\/#website","url":"https:\/\/aspaen.edu.co\/tamaiti\/","name":"Aspaen Tamait\u00ed","description":"Un buen comienzo para un buen futuro","publisher":{"@id":"https:\/\/aspaen.edu.co\/tamaiti\/#organization"},"potentialAction":[{"@type":"SearchAction","target":{"@type":"EntryPoint","urlTemplate":"https:\/\/aspaen.edu.co\/tamaiti\/?s={search_term_string}"},"query-input":"required name=search_term_string"}],"inLanguage":"es"},{"@type":"Organization","@id":"https:\/\/aspaen.edu.co\/tamaiti\/#organization","name":"Aspaen Tamait\u00ed","url":"https:\/\/aspaen.edu.co\/tamaiti\/","logo":{"@type":"ImageObject","inLanguage":"es","@id":"https:\/\/aspaen.edu.co\/tamaiti\/#\/schema\/logo\/image\/","url":"https:\/\/aspaen.edu.co\/tamaiti\/wp-content\/uploads\/sites\/44\/2020\/06\/logo-tamaiti-x90.png","contentUrl":"https:\/\/aspaen.edu.co\/tamaiti\/wp-content\/uploads\/sites\/44\/2020\/06\/logo-tamaiti-x90.png","width":198,"height":90,"caption":"Aspaen Tamait\u00ed"},"image":{"@id":"https:\/\/aspaen.edu.co\/tamaiti\/#\/schema\/logo\/image\/"}},{"@type":"Person","@id":"https:\/\/aspaen.edu.co\/tamaiti\/#\/schema\/person\/429eddbdb6a1c197efde8a7a10c9394d","name":"aspaen","image":{"@type":"ImageObject","inLanguage":"es","@id":"https:\/\/aspaen.edu.co\/tamaiti\/#\/schema\/person\/image\/","url":"https:\/\/secure.gravatar.com\/avatar\/409832325222a1ed60d7e596e3292bc6?s=96&d=mm&r=g","contentUrl":"https:\/\/secure.gravatar.com\/avatar\/409832325222a1ed60d7e596e3292bc6?s=96&d=mm&r=g","caption":"aspaen"},"url":"https:\/\/aspaen.edu.co\/tamaiti\/author\/aspaen\/"}]}},"_links":{"self":[{"href":"https:\/\/aspaen.edu.co\/tamaiti\/wp-json\/wp\/v2\/posts\/2177"}],"collection":[{"href":"https:\/\/aspaen.edu.co\/tamaiti\/wp-json\/wp\/v2\/posts"}],"about":[{"href":"https:\/\/aspaen.edu.co\/tamaiti\/wp-json\/wp\/v2\/types\/post"}],"author":[{"embeddable":true,"href":"https:\/\/aspaen.edu.co\/tamaiti\/wp-json\/wp\/v2\/users\/2"}],"replies":[{"embeddable":true,"href":"https:\/\/aspaen.edu.co\/tamaiti\/wp-json\/wp\/v2\/comments?post=2177"}],"version-history":[{"count":0,"href":"https:\/\/aspaen.edu.co\/tamaiti\/wp-json\/wp\/v2\/posts\/2177\/revisions"}],"wp:featuredmedia":[{"embeddable":true,"href":"https:\/\/aspaen.edu.co\/tamaiti\/wp-json\/wp\/v2\/media\/2180"}],"wp:attachment":[{"href":"https:\/\/aspaen.edu.co\/tamaiti\/wp-json\/wp\/v2\/media?parent=2177"}],"wp:term":[{"taxonomy":"category","embeddable":true,"href":"https:\/\/aspaen.edu.co\/tamaiti\/wp-json\/wp\/v2\/categories?post=2177"},{"taxonomy":"post_tag","embeddable":true,"href":"https:\/\/aspaen.edu.co\/tamaiti\/wp-json\/wp\/v2\/tags?post=2177"}],"curies":[{"name":"wp","href":"https:\/\/api.w.org\/{rel}","templated":true}]}}