{"id":2433,"date":"2020-09-15T20:58:32","date_gmt":"2020-09-15T20:58:32","guid":{"rendered":"https:\/\/aspaen.edu.co\/saucara\/?p=2433"},"modified":"2020-09-15T21:29:23","modified_gmt":"2020-09-15T21:29:23","slug":"comunicacion-entre-padres-e-hijos-adolescentes-asi-vivimos-el-taller-con-las-familias-de-7","status":"publish","type":"post","link":"https:\/\/aspaen.edu.co\/saucara\/2020\/09\/15\/comunicacion-entre-padres-e-hijos-adolescentes-asi-vivimos-el-taller-con-las-familias-de-7\/","title":{"rendered":"Comunicaci\u00f3n entre padres e hijos adolescentes, \u00a1as\u00ed vivimos el Taller con las familias de 7\u00b0!"},"content":{"rendered":"\n<p>Lo mejor de cada actividad con nuestras familias, son los aprendizajes que duran toda la vida.<\/p>\n\n\n\n<p>A continuaci\u00f3n, compartimos el testimonio de la familia Aspaen Saucar\u00e1, S\u00e1nchez Serrano, sobre la conferencia del pasado lunes 7 de septiembre dirigida a los padres de familia de 7\u00b0, en la que se trataron temas referentes a la comunicaci\u00f3n entre padres e hijos.<\/p>\n\n\n\n<figure class=\"wp-block-video\"><video controls src=\"https:\/\/aspaen.edu.co\/saucara\/wp-content\/uploads\/sites\/32\/2020\/09\/Video-Familia-Sanchez-Serrano.mp4\"><\/video><\/figure>\n","protected":false},"excerpt":{"rendered":"<p>Lo mejor de cada actividad con nuestras familias, son los aprendizajes que duran toda la vida.<\/p>\n","protected":false},"author":2,"featured_media":2438,"comment_status":"closed","ping_status":"closed","sticky":false,"template":"","format":"standard","meta":{"footnotes":""},"categories":[8],"tags":[29,23,32],"yoast_head":"<!-- This site is optimized with the Yoast SEO plugin v21.7 - https:\/\/yoast.com\/wordpress\/plugins\/seo\/ -->\n<title>Comunicaci\u00f3n entre padres e hijos adolescentes, \u00a1as\u00ed vivimos el Taller con las familias de 7\u00b0! - Aspaen Saucar\u00e1<\/title>\n<meta name=\"robots\" content=\"index, follow, max-snippet:-1, max-image-preview:large, max-video-preview:-1\" \/>\n<link rel=\"canonical\" href=\"https:\/\/aspaen.edu.co\/saucara\/2020\/09\/15\/comunicacion-entre-padres-e-hijos-adolescentes-asi-vivimos-el-taller-con-las-familias-de-7\/\" \/>\n<meta property=\"og:locale\" content=\"es_ES\" \/>\n<meta property=\"og:type\" content=\"article\" \/>\n<meta property=\"og:title\" content=\"Comunicaci\u00f3n entre padres e hijos adolescentes, \u00a1as\u00ed vivimos el Taller con las familias de 7\u00b0! - Aspaen Saucar\u00e1\" \/>\n<meta property=\"og:description\" content=\"Lo mejor de cada actividad con nuestras familias, son los aprendizajes que duran toda la vida.\" \/>\n<meta property=\"og:url\" content=\"https:\/\/aspaen.edu.co\/saucara\/2020\/09\/15\/comunicacion-entre-padres-e-hijos-adolescentes-asi-vivimos-el-taller-con-las-familias-de-7\/\" \/>\n<meta property=\"og:site_name\" content=\"Aspaen Saucar\u00e1\" \/>\n<meta property=\"article:published_time\" content=\"2020-09-15T20:58:32+00:00\" \/>\n<meta property=\"article:modified_time\" content=\"2020-09-15T21:29:23+00:00\" \/>\n<meta property=\"og:image\" content=\"https:\/\/aspaen.edu.co\/saucara\/wp-content\/uploads\/sites\/32\/2020\/09\/Portada-Convivencias.png\" \/>\n\t<meta property=\"og:image:width\" content=\"336\" \/>\n\t<meta property=\"og:image:height\" content=\"334\" \/>\n\t<meta property=\"og:image:type\" content=\"image\/png\" \/>\n<meta name=\"author\" content=\"aspaen\" \/>\n<meta name=\"twitter:card\" content=\"summary_large_image\" \/>\n<meta name=\"twitter:label1\" content=\"Escrito por\" \/>\n\t<meta name=\"twitter:data1\" content=\"aspaen\" \/>\n<script type=\"application\/ld+json\" class=\"yoast-schema-graph\">{\"@context\":\"https:\/\/schema.org\",\"@graph\":[{\"@type\":\"Article\",\"@id\":\"https:\/\/aspaen.edu.co\/saucara\/2020\/09\/15\/comunicacion-entre-padres-e-hijos-adolescentes-asi-vivimos-el-taller-con-las-familias-de-7\/#article\",\"isPartOf\":{\"@id\":\"https:\/\/aspaen.edu.co\/saucara\/2020\/09\/15\/comunicacion-entre-padres-e-hijos-adolescentes-asi-vivimos-el-taller-con-las-familias-de-7\/\"},\"author\":{\"name\":\"aspaen\",\"@id\":\"https:\/\/aspaen.edu.co\/saucara\/#\/schema\/person\/ac4a0471eced8467e15621939e4cc247\"},\"headline\":\"Comunicaci\u00f3n entre padres e hijos adolescentes, \u00a1as\u00ed vivimos el Taller con las familias de 7\u00b0!\",\"datePublished\":\"2020-09-15T20:58:32+00:00\",\"dateModified\":\"2020-09-15T21:29:23+00:00\",\"mainEntityOfPage\":{\"@id\":\"https:\/\/aspaen.edu.co\/saucara\/2020\/09\/15\/comunicacion-entre-padres-e-hijos-adolescentes-asi-vivimos-el-taller-con-las-familias-de-7\/\"},\"wordCount\":75,\"publisher\":{\"@id\":\"https:\/\/aspaen.edu.co\/saucara\/#organization\"},\"keywords\":[\"Academ\u00eda\",\"Familia\",\"Formaci\u00f3n\"],\"articleSection\":[\"Noticias\"],\"inLanguage\":\"es\"},{\"@type\":\"WebPage\",\"@id\":\"https:\/\/aspaen.edu.co\/saucara\/2020\/09\/15\/comunicacion-entre-padres-e-hijos-adolescentes-asi-vivimos-el-taller-con-las-familias-de-7\/\",\"url\":\"https:\/\/aspaen.edu.co\/saucara\/2020\/09\/15\/comunicacion-entre-padres-e-hijos-adolescentes-asi-vivimos-el-taller-con-las-familias-de-7\/\",\"name\":\"Comunicaci\u00f3n entre padres e hijos adolescentes, \u00a1as\u00ed vivimos el Taller con las familias de 7\u00b0! - Aspaen Saucar\u00e1\",\"isPartOf\":{\"@id\":\"https:\/\/aspaen.edu.co\/saucara\/#website\"},\"datePublished\":\"2020-09-15T20:58:32+00:00\",\"dateModified\":\"2020-09-15T21:29:23+00:00\",\"breadcrumb\":{\"@id\":\"https:\/\/aspaen.edu.co\/saucara\/2020\/09\/15\/comunicacion-entre-padres-e-hijos-adolescentes-asi-vivimos-el-taller-con-las-familias-de-7\/#breadcrumb\"},\"inLanguage\":\"es\",\"potentialAction\":[{\"@type\":\"ReadAction\",\"target\":[\"https:\/\/aspaen.edu.co\/saucara\/2020\/09\/15\/comunicacion-entre-padres-e-hijos-adolescentes-asi-vivimos-el-taller-con-las-familias-de-7\/\"]}]},{\"@type\":\"BreadcrumbList\",\"@id\":\"https:\/\/aspaen.edu.co\/saucara\/2020\/09\/15\/comunicacion-entre-padres-e-hijos-adolescentes-asi-vivimos-el-taller-con-las-familias-de-7\/#breadcrumb\",\"itemListElement\":[{\"@type\":\"ListItem\",\"position\":1,\"name\":\"Portada\",\"item\":\"https:\/\/aspaen.edu.co\/saucara\/\"},{\"@type\":\"ListItem\",\"position\":2,\"name\":\"Comunicaci\u00f3n entre padres e hijos adolescentes, \u00a1as\u00ed vivimos el Taller con las familias de 7\u00b0!\"}]},{\"@type\":\"WebSite\",\"@id\":\"https:\/\/aspaen.edu.co\/saucara\/#website\",\"url\":\"https:\/\/aspaen.edu.co\/saucara\/\",\"name\":\"Aspaen Saucar\u00e1\",\"description\":\"Un buen comienzo para un buen futuro\",\"publisher\":{\"@id\":\"https:\/\/aspaen.edu.co\/saucara\/#organization\"},\"potentialAction\":[{\"@type\":\"SearchAction\",\"target\":{\"@type\":\"EntryPoint\",\"urlTemplate\":\"https:\/\/aspaen.edu.co\/saucara\/?s={search_term_string}\"},\"query-input\":\"required name=search_term_string\"}],\"inLanguage\":\"es\"},{\"@type\":\"Organization\",\"@id\":\"https:\/\/aspaen.edu.co\/saucara\/#organization\",\"name\":\"Aspaen Saucar\u00e1\",\"url\":\"https:\/\/aspaen.edu.co\/saucara\/\",\"logo\":{\"@type\":\"ImageObject\",\"inLanguage\":\"es\",\"@id\":\"https:\/\/aspaen.edu.co\/saucara\/#\/schema\/logo\/image\/\",\"url\":\"https:\/\/aspaen.edu.co\/saucara\/wp-content\/uploads\/sites\/32\/2020\/06\/logo-saucara-x70.png\",\"contentUrl\":\"https:\/\/aspaen.edu.co\/saucara\/wp-content\/uploads\/sites\/32\/2020\/06\/logo-saucara-x70.png\",\"width\":263,\"height\":70,\"caption\":\"Aspaen Saucar\u00e1\"},\"image\":{\"@id\":\"https:\/\/aspaen.edu.co\/saucara\/#\/schema\/logo\/image\/\"}},{\"@type\":\"Person\",\"@id\":\"https:\/\/aspaen.edu.co\/saucara\/#\/schema\/person\/ac4a0471eced8467e15621939e4cc247\",\"name\":\"aspaen\",\"image\":{\"@type\":\"ImageObject\",\"inLanguage\":\"es\",\"@id\":\"https:\/\/aspaen.edu.co\/saucara\/#\/schema\/person\/image\/\",\"url\":\"https:\/\/secure.gravatar.com\/avatar\/409832325222a1ed60d7e596e3292bc6?s=96&d=mm&r=g\",\"contentUrl\":\"https:\/\/secure.gravatar.com\/avatar\/409832325222a1ed60d7e596e3292bc6?s=96&d=mm&r=g\",\"caption\":\"aspaen\"},\"url\":\"https:\/\/aspaen.edu.co\/saucara\/author\/aspaen\/\"}]}<\/script>\n<!-- \/ Yoast SEO plugin. -->","yoast_head_json":{"title":"Comunicaci\u00f3n entre padres e hijos adolescentes, \u00a1as\u00ed vivimos el Taller con las familias de 7\u00b0! - Aspaen Saucar\u00e1","robots":{"index":"index","follow":"follow","max-snippet":"max-snippet:-1","max-image-preview":"max-image-preview:large","max-video-preview":"max-video-preview:-1"},"canonical":"https:\/\/aspaen.edu.co\/saucara\/2020\/09\/15\/comunicacion-entre-padres-e-hijos-adolescentes-asi-vivimos-el-taller-con-las-familias-de-7\/","og_locale":"es_ES","og_type":"article","og_title":"Comunicaci\u00f3n entre padres e hijos adolescentes, \u00a1as\u00ed vivimos el Taller con las familias de 7\u00b0! - Aspaen Saucar\u00e1","og_description":"Lo mejor de cada actividad con nuestras familias, son los aprendizajes que duran toda la vida.","og_url":"https:\/\/aspaen.edu.co\/saucara\/2020\/09\/15\/comunicacion-entre-padres-e-hijos-adolescentes-asi-vivimos-el-taller-con-las-familias-de-7\/","og_site_name":"Aspaen Saucar\u00e1","article_published_time":"2020-09-15T20:58:32+00:00","article_modified_time":"2020-09-15T21:29:23+00:00","og_image":[{"width":336,"height":334,"url":"https:\/\/aspaen.edu.co\/saucara\/wp-content\/uploads\/sites\/32\/2020\/09\/Portada-Convivencias.png","type":"image\/png"}],"author":"aspaen","twitter_card":"summary_large_image","twitter_misc":{"Escrito por":"aspaen"},"schema":{"@context":"https:\/\/schema.org","@graph":[{"@type":"Article","@id":"https:\/\/aspaen.edu.co\/saucara\/2020\/09\/15\/comunicacion-entre-padres-e-hijos-adolescentes-asi-vivimos-el-taller-con-las-familias-de-7\/#article","isPartOf":{"@id":"https:\/\/aspaen.edu.co\/saucara\/2020\/09\/15\/comunicacion-entre-padres-e-hijos-adolescentes-asi-vivimos-el-taller-con-las-familias-de-7\/"},"author":{"name":"aspaen","@id":"https:\/\/aspaen.edu.co\/saucara\/#\/schema\/person\/ac4a0471eced8467e15621939e4cc247"},"headline":"Comunicaci\u00f3n entre padres e hijos adolescentes, \u00a1as\u00ed vivimos el Taller con las familias de 7\u00b0!","datePublished":"2020-09-15T20:58:32+00:00","dateModified":"2020-09-15T21:29:23+00:00","mainEntityOfPage":{"@id":"https:\/\/aspaen.edu.co\/saucara\/2020\/09\/15\/comunicacion-entre-padres-e-hijos-adolescentes-asi-vivimos-el-taller-con-las-familias-de-7\/"},"wordCount":75,"publisher":{"@id":"https:\/\/aspaen.edu.co\/saucara\/#organization"},"keywords":["Academ\u00eda","Familia","Formaci\u00f3n"],"articleSection":["Noticias"],"inLanguage":"es"},{"@type":"WebPage","@id":"https:\/\/aspaen.edu.co\/saucara\/2020\/09\/15\/comunicacion-entre-padres-e-hijos-adolescentes-asi-vivimos-el-taller-con-las-familias-de-7\/","url":"https:\/\/aspaen.edu.co\/saucara\/2020\/09\/15\/comunicacion-entre-padres-e-hijos-adolescentes-asi-vivimos-el-taller-con-las-familias-de-7\/","name":"Comunicaci\u00f3n entre padres e hijos adolescentes, \u00a1as\u00ed vivimos el Taller con las familias de 7\u00b0! - Aspaen Saucar\u00e1","isPartOf":{"@id":"https:\/\/aspaen.edu.co\/saucara\/#website"},"datePublished":"2020-09-15T20:58:32+00:00","dateModified":"2020-09-15T21:29:23+00:00","breadcrumb":{"@id":"https:\/\/aspaen.edu.co\/saucara\/2020\/09\/15\/comunicacion-entre-padres-e-hijos-adolescentes-asi-vivimos-el-taller-con-las-familias-de-7\/#breadcrumb"},"inLanguage":"es","potentialAction":[{"@type":"ReadAction","target":["https:\/\/aspaen.edu.co\/saucara\/2020\/09\/15\/comunicacion-entre-padres-e-hijos-adolescentes-asi-vivimos-el-taller-con-las-familias-de-7\/"]}]},{"@type":"BreadcrumbList","@id":"https:\/\/aspaen.edu.co\/saucara\/2020\/09\/15\/comunicacion-entre-padres-e-hijos-adolescentes-asi-vivimos-el-taller-con-las-familias-de-7\/#breadcrumb","itemListElement":[{"@type":"ListItem","position":1,"name":"Portada","item":"https:\/\/aspaen.edu.co\/saucara\/"},{"@type":"ListItem","position":2,"name":"Comunicaci\u00f3n entre padres e hijos adolescentes, \u00a1as\u00ed vivimos el Taller con las familias de 7\u00b0!"}]},{"@type":"WebSite","@id":"https:\/\/aspaen.edu.co\/saucara\/#website","url":"https:\/\/aspaen.edu.co\/saucara\/","name":"Aspaen Saucar\u00e1","description":"Un buen comienzo para un buen futuro","publisher":{"@id":"https:\/\/aspaen.edu.co\/saucara\/#organization"},"potentialAction":[{"@type":"SearchAction","target":{"@type":"EntryPoint","urlTemplate":"https:\/\/aspaen.edu.co\/saucara\/?s={search_term_string}"},"query-input":"required name=search_term_string"}],"inLanguage":"es"},{"@type":"Organization","@id":"https:\/\/aspaen.edu.co\/saucara\/#organization","name":"Aspaen Saucar\u00e1","url":"https:\/\/aspaen.edu.co\/saucara\/","logo":{"@type":"ImageObject","inLanguage":"es","@id":"https:\/\/aspaen.edu.co\/saucara\/#\/schema\/logo\/image\/","url":"https:\/\/aspaen.edu.co\/saucara\/wp-content\/uploads\/sites\/32\/2020\/06\/logo-saucara-x70.png","contentUrl":"https:\/\/aspaen.edu.co\/saucara\/wp-content\/uploads\/sites\/32\/2020\/06\/logo-saucara-x70.png","width":263,"height":70,"caption":"Aspaen Saucar\u00e1"},"image":{"@id":"https:\/\/aspaen.edu.co\/saucara\/#\/schema\/logo\/image\/"}},{"@type":"Person","@id":"https:\/\/aspaen.edu.co\/saucara\/#\/schema\/person\/ac4a0471eced8467e15621939e4cc247","name":"aspaen","image":{"@type":"ImageObject","inLanguage":"es","@id":"https:\/\/aspaen.edu.co\/saucara\/#\/schema\/person\/image\/","url":"https:\/\/secure.gravatar.com\/avatar\/409832325222a1ed60d7e596e3292bc6?s=96&d=mm&r=g","contentUrl":"https:\/\/secure.gravatar.com\/avatar\/409832325222a1ed60d7e596e3292bc6?s=96&d=mm&r=g","caption":"aspaen"},"url":"https:\/\/aspaen.edu.co\/saucara\/author\/aspaen\/"}]}},"_links":{"self":[{"href":"https:\/\/aspaen.edu.co\/saucara\/wp-json\/wp\/v2\/posts\/2433"}],"collection":[{"href":"https:\/\/aspaen.edu.co\/saucara\/wp-json\/wp\/v2\/posts"}],"about":[{"href":"https:\/\/aspaen.edu.co\/saucara\/wp-json\/wp\/v2\/types\/post"}],"author":[{"embeddable":true,"href":"https:\/\/aspaen.edu.co\/saucara\/wp-json\/wp\/v2\/users\/2"}],"replies":[{"embeddable":true,"href":"https:\/\/aspaen.edu.co\/saucara\/wp-json\/wp\/v2\/comments?post=2433"}],"version-history":[{"count":0,"href":"https:\/\/aspaen.edu.co\/saucara\/wp-json\/wp\/v2\/posts\/2433\/revisions"}],"wp:featuredmedia":[{"embeddable":true,"href":"https:\/\/aspaen.edu.co\/saucara\/wp-json\/wp\/v2\/media\/2438"}],"wp:attachment":[{"href":"https:\/\/aspaen.edu.co\/saucara\/wp-json\/wp\/v2\/media?parent=2433"}],"wp:term":[{"taxonomy":"category","embeddable":true,"href":"https:\/\/aspaen.edu.co\/saucara\/wp-json\/wp\/v2\/categories?post=2433"},{"taxonomy":"post_tag","embeddable":true,"href":"https:\/\/aspaen.edu.co\/saucara\/wp-json\/wp\/v2\/tags?post=2433"}],"curies":[{"name":"wp","href":"https:\/\/api.w.org\/{rel}","templated":true}]}}