{"id":2371,"date":"2020-08-19T19:22:25","date_gmt":"2020-08-19T19:22:25","guid":{"rendered":"https:\/\/aspaen.edu.co\/saucara\/?p=2371"},"modified":"2020-08-19T19:22:27","modified_gmt":"2020-08-19T19:22:27","slug":"orientacion-vocacional-con-aspaen-saucara","status":"publish","type":"post","link":"https:\/\/aspaen.edu.co\/saucara\/2020\/08\/19\/orientacion-vocacional-con-aspaen-saucara\/","title":{"rendered":"ORIENTACI\u00d3N VOCACIONAL CON ASPAEN SAUCAR\u00c1"},"content":{"rendered":"\n<p>Durante el a\u00f1o, hemos venido desarrollando diferentes actividades con los alumnos de und\u00e9cimo grado, buscando apoyarlos en una de las decisiones que marcar\u00e1 sus vidas: la elecci\u00f3n de su carrera profesional.<\/p>\n\n\n\n<p>Dentro de \u00e9stas actividades, se han aplicado 4 bater\u00edas de valoraci\u00f3n para identificar los perfiles profesionales. As\u00ed mismo, hemos cumplido con el cronograma establecido con los encuentros de las diferentes Universidades y as\u00ed, nuestros estudiantes han podido conocer las ofertas acad\u00e9micas y los diferentes Campus de las Universidades visitadas. Adem\u00e1s, se ha socializado con los alumnos, las diferentes opciones para becas deportivas, acad\u00e9micas, programas de doble titulaci\u00f3n y transferencias.<\/p>\n\n\n\n<figure class=\"wp-block-gallery columns-1 is-cropped wp-block-gallery-1 is-layout-flex wp-block-gallery-is-layout-flex\"><ul class=\"blocks-gallery-grid\"><li class=\"blocks-gallery-item\"><figure><img fetchpriority=\"high\" decoding=\"async\" width=\"1024\" height=\"1024\" src=\"https:\/\/aspaen.edu.co\/saucara\/wp-content\/uploads\/sites\/32\/2020\/08\/WhatsApp-Image-2020-08-18-at-5.01.57-PM-1024x1024.jpeg\" alt=\"\" data-id=\"2372\" data-full-url=\"https:\/\/aspaen.edu.co\/saucara\/wp-content\/uploads\/sites\/32\/2020\/08\/WhatsApp-Image-2020-08-18-at-5.01.57-PM.jpeg\" data-link=\"https:\/\/aspaen.edu.co\/saucara\/?attachment_id=2372\" class=\"wp-image-2372\" srcset=\"https:\/\/aspaen.edu.co\/saucara\/wp-content\/uploads\/sites\/32\/2020\/08\/WhatsApp-Image-2020-08-18-at-5.01.57-PM-1024x1024.jpeg 1024w, https:\/\/aspaen.edu.co\/saucara\/wp-content\/uploads\/sites\/32\/2020\/08\/WhatsApp-Image-2020-08-18-at-5.01.57-PM-300x300.jpeg 300w, https:\/\/aspaen.edu.co\/saucara\/wp-content\/uploads\/sites\/32\/2020\/08\/WhatsApp-Image-2020-08-18-at-5.01.57-PM-150x150.jpeg 150w, https:\/\/aspaen.edu.co\/saucara\/wp-content\/uploads\/sites\/32\/2020\/08\/WhatsApp-Image-2020-08-18-at-5.01.57-PM-768x768.jpeg 768w, https:\/\/aspaen.edu.co\/saucara\/wp-content\/uploads\/sites\/32\/2020\/08\/WhatsApp-Image-2020-08-18-at-5.01.57-PM.jpeg 1280w\" sizes=\"(max-width: 1024px) 100vw, 1024px\" \/><\/figure><\/li><\/ul><\/figure>\n","protected":false},"excerpt":{"rendered":"<p>Durante el a\u00f1o, hemos venido desarrollando diferentes actividades con los alumnos de und\u00e9cimo grado, buscando apoyarlos en una de las decisiones que marcar\u00e1 sus vidas: la elecci\u00f3n de su carrera profesional.<\/p>\n","protected":false},"author":2,"featured_media":2372,"comment_status":"closed","ping_status":"closed","sticky":false,"template":"","format":"standard","meta":{"footnotes":""},"categories":[8],"tags":[24,23,28,27],"yoast_head":"<!-- This site is optimized with the Yoast SEO plugin v21.7 - https:\/\/yoast.com\/wordpress\/plugins\/seo\/ -->\n<title>ORIENTACI\u00d3N VOCACIONAL CON ASPAEN SAUCAR\u00c1 - Aspaen Saucar\u00e1<\/title>\n<meta name=\"robots\" content=\"index, follow, max-snippet:-1, max-image-preview:large, max-video-preview:-1\" \/>\n<link rel=\"canonical\" href=\"https:\/\/aspaen.edu.co\/saucara\/2020\/08\/19\/orientacion-vocacional-con-aspaen-saucara\/\" \/>\n<meta property=\"og:locale\" content=\"es_ES\" \/>\n<meta property=\"og:type\" content=\"article\" \/>\n<meta property=\"og:title\" content=\"ORIENTACI\u00d3N VOCACIONAL CON ASPAEN SAUCAR\u00c1 - Aspaen Saucar\u00e1\" \/>\n<meta property=\"og:description\" content=\"Durante el a\u00f1o, hemos venido desarrollando diferentes actividades con los alumnos de und\u00e9cimo grado, buscando apoyarlos en una de las decisiones que marcar\u00e1 sus vidas: la elecci\u00f3n de su carrera profesional.\" \/>\n<meta property=\"og:url\" content=\"https:\/\/aspaen.edu.co\/saucara\/2020\/08\/19\/orientacion-vocacional-con-aspaen-saucara\/\" \/>\n<meta property=\"og:site_name\" content=\"Aspaen Saucar\u00e1\" \/>\n<meta property=\"article:published_time\" content=\"2020-08-19T19:22:25+00:00\" \/>\n<meta property=\"article:modified_time\" content=\"2020-08-19T19:22:27+00:00\" \/>\n<meta property=\"og:image\" content=\"https:\/\/aspaen.edu.co\/saucara\/wp-content\/uploads\/sites\/32\/2020\/08\/WhatsApp-Image-2020-08-18-at-5.01.57-PM.jpeg\" \/>\n\t<meta property=\"og:image:width\" content=\"1280\" \/>\n\t<meta property=\"og:image:height\" content=\"1280\" \/>\n\t<meta property=\"og:image:type\" content=\"image\/jpeg\" \/>\n<meta name=\"author\" content=\"aspaen\" \/>\n<meta name=\"twitter:card\" content=\"summary_large_image\" \/>\n<meta name=\"twitter:label1\" content=\"Escrito por\" \/>\n\t<meta name=\"twitter:data1\" content=\"aspaen\" \/>\n\t<meta name=\"twitter:label2\" content=\"Tiempo de lectura\" \/>\n\t<meta name=\"twitter:data2\" content=\"1 minuto\" \/>\n<script type=\"application\/ld+json\" class=\"yoast-schema-graph\">{\"@context\":\"https:\/\/schema.org\",\"@graph\":[{\"@type\":\"Article\",\"@id\":\"https:\/\/aspaen.edu.co\/saucara\/2020\/08\/19\/orientacion-vocacional-con-aspaen-saucara\/#article\",\"isPartOf\":{\"@id\":\"https:\/\/aspaen.edu.co\/saucara\/2020\/08\/19\/orientacion-vocacional-con-aspaen-saucara\/\"},\"author\":{\"name\":\"aspaen\",\"@id\":\"https:\/\/aspaen.edu.co\/saucara\/#\/schema\/person\/ac4a0471eced8467e15621939e4cc247\"},\"headline\":\"ORIENTACI\u00d3N VOCACIONAL CON ASPAEN SAUCAR\u00c1\",\"datePublished\":\"2020-08-19T19:22:25+00:00\",\"dateModified\":\"2020-08-19T19:22:27+00:00\",\"mainEntityOfPage\":{\"@id\":\"https:\/\/aspaen.edu.co\/saucara\/2020\/08\/19\/orientacion-vocacional-con-aspaen-saucara\/\"},\"wordCount\":114,\"publisher\":{\"@id\":\"https:\/\/aspaen.edu.co\/saucara\/#organization\"},\"keywords\":[\"Educaci\u00f3n\",\"Familia\",\"Orientaci\u00f3n\",\"Tecnolog\u00eda\"],\"articleSection\":[\"Noticias\"],\"inLanguage\":\"es\"},{\"@type\":\"WebPage\",\"@id\":\"https:\/\/aspaen.edu.co\/saucara\/2020\/08\/19\/orientacion-vocacional-con-aspaen-saucara\/\",\"url\":\"https:\/\/aspaen.edu.co\/saucara\/2020\/08\/19\/orientacion-vocacional-con-aspaen-saucara\/\",\"name\":\"ORIENTACI\u00d3N VOCACIONAL CON ASPAEN SAUCAR\u00c1 - Aspaen Saucar\u00e1\",\"isPartOf\":{\"@id\":\"https:\/\/aspaen.edu.co\/saucara\/#website\"},\"datePublished\":\"2020-08-19T19:22:25+00:00\",\"dateModified\":\"2020-08-19T19:22:27+00:00\",\"breadcrumb\":{\"@id\":\"https:\/\/aspaen.edu.co\/saucara\/2020\/08\/19\/orientacion-vocacional-con-aspaen-saucara\/#breadcrumb\"},\"inLanguage\":\"es\",\"potentialAction\":[{\"@type\":\"ReadAction\",\"target\":[\"https:\/\/aspaen.edu.co\/saucara\/2020\/08\/19\/orientacion-vocacional-con-aspaen-saucara\/\"]}]},{\"@type\":\"BreadcrumbList\",\"@id\":\"https:\/\/aspaen.edu.co\/saucara\/2020\/08\/19\/orientacion-vocacional-con-aspaen-saucara\/#breadcrumb\",\"itemListElement\":[{\"@type\":\"ListItem\",\"position\":1,\"name\":\"Portada\",\"item\":\"https:\/\/aspaen.edu.co\/saucara\/\"},{\"@type\":\"ListItem\",\"position\":2,\"name\":\"ORIENTACI\u00d3N VOCACIONAL CON ASPAEN SAUCAR\u00c1\"}]},{\"@type\":\"WebSite\",\"@id\":\"https:\/\/aspaen.edu.co\/saucara\/#website\",\"url\":\"https:\/\/aspaen.edu.co\/saucara\/\",\"name\":\"Aspaen Saucar\u00e1\",\"description\":\"Un buen comienzo para un buen futuro\",\"publisher\":{\"@id\":\"https:\/\/aspaen.edu.co\/saucara\/#organization\"},\"potentialAction\":[{\"@type\":\"SearchAction\",\"target\":{\"@type\":\"EntryPoint\",\"urlTemplate\":\"https:\/\/aspaen.edu.co\/saucara\/?s={search_term_string}\"},\"query-input\":\"required name=search_term_string\"}],\"inLanguage\":\"es\"},{\"@type\":\"Organization\",\"@id\":\"https:\/\/aspaen.edu.co\/saucara\/#organization\",\"name\":\"Aspaen Saucar\u00e1\",\"url\":\"https:\/\/aspaen.edu.co\/saucara\/\",\"logo\":{\"@type\":\"ImageObject\",\"inLanguage\":\"es\",\"@id\":\"https:\/\/aspaen.edu.co\/saucara\/#\/schema\/logo\/image\/\",\"url\":\"https:\/\/aspaen.edu.co\/saucara\/wp-content\/uploads\/sites\/32\/2020\/06\/logo-saucara-x70.png\",\"contentUrl\":\"https:\/\/aspaen.edu.co\/saucara\/wp-content\/uploads\/sites\/32\/2020\/06\/logo-saucara-x70.png\",\"width\":263,\"height\":70,\"caption\":\"Aspaen Saucar\u00e1\"},\"image\":{\"@id\":\"https:\/\/aspaen.edu.co\/saucara\/#\/schema\/logo\/image\/\"}},{\"@type\":\"Person\",\"@id\":\"https:\/\/aspaen.edu.co\/saucara\/#\/schema\/person\/ac4a0471eced8467e15621939e4cc247\",\"name\":\"aspaen\",\"image\":{\"@type\":\"ImageObject\",\"inLanguage\":\"es\",\"@id\":\"https:\/\/aspaen.edu.co\/saucara\/#\/schema\/person\/image\/\",\"url\":\"https:\/\/secure.gravatar.com\/avatar\/409832325222a1ed60d7e596e3292bc6?s=96&d=mm&r=g\",\"contentUrl\":\"https:\/\/secure.gravatar.com\/avatar\/409832325222a1ed60d7e596e3292bc6?s=96&d=mm&r=g\",\"caption\":\"aspaen\"},\"url\":\"https:\/\/aspaen.edu.co\/saucara\/author\/aspaen\/\"}]}<\/script>\n<!-- \/ Yoast SEO plugin. -->","yoast_head_json":{"title":"ORIENTACI\u00d3N VOCACIONAL CON ASPAEN SAUCAR\u00c1 - Aspaen Saucar\u00e1","robots":{"index":"index","follow":"follow","max-snippet":"max-snippet:-1","max-image-preview":"max-image-preview:large","max-video-preview":"max-video-preview:-1"},"canonical":"https:\/\/aspaen.edu.co\/saucara\/2020\/08\/19\/orientacion-vocacional-con-aspaen-saucara\/","og_locale":"es_ES","og_type":"article","og_title":"ORIENTACI\u00d3N VOCACIONAL CON ASPAEN SAUCAR\u00c1 - Aspaen Saucar\u00e1","og_description":"Durante el a\u00f1o, hemos venido desarrollando diferentes actividades con los alumnos de und\u00e9cimo grado, buscando apoyarlos en una de las decisiones que marcar\u00e1 sus vidas: la elecci\u00f3n de su carrera profesional.","og_url":"https:\/\/aspaen.edu.co\/saucara\/2020\/08\/19\/orientacion-vocacional-con-aspaen-saucara\/","og_site_name":"Aspaen Saucar\u00e1","article_published_time":"2020-08-19T19:22:25+00:00","article_modified_time":"2020-08-19T19:22:27+00:00","og_image":[{"width":1280,"height":1280,"url":"https:\/\/aspaen.edu.co\/saucara\/wp-content\/uploads\/sites\/32\/2020\/08\/WhatsApp-Image-2020-08-18-at-5.01.57-PM.jpeg","type":"image\/jpeg"}],"author":"aspaen","twitter_card":"summary_large_image","twitter_misc":{"Escrito por":"aspaen","Tiempo de lectura":"1 minuto"},"schema":{"@context":"https:\/\/schema.org","@graph":[{"@type":"Article","@id":"https:\/\/aspaen.edu.co\/saucara\/2020\/08\/19\/orientacion-vocacional-con-aspaen-saucara\/#article","isPartOf":{"@id":"https:\/\/aspaen.edu.co\/saucara\/2020\/08\/19\/orientacion-vocacional-con-aspaen-saucara\/"},"author":{"name":"aspaen","@id":"https:\/\/aspaen.edu.co\/saucara\/#\/schema\/person\/ac4a0471eced8467e15621939e4cc247"},"headline":"ORIENTACI\u00d3N VOCACIONAL CON ASPAEN SAUCAR\u00c1","datePublished":"2020-08-19T19:22:25+00:00","dateModified":"2020-08-19T19:22:27+00:00","mainEntityOfPage":{"@id":"https:\/\/aspaen.edu.co\/saucara\/2020\/08\/19\/orientacion-vocacional-con-aspaen-saucara\/"},"wordCount":114,"publisher":{"@id":"https:\/\/aspaen.edu.co\/saucara\/#organization"},"keywords":["Educaci\u00f3n","Familia","Orientaci\u00f3n","Tecnolog\u00eda"],"articleSection":["Noticias"],"inLanguage":"es"},{"@type":"WebPage","@id":"https:\/\/aspaen.edu.co\/saucara\/2020\/08\/19\/orientacion-vocacional-con-aspaen-saucara\/","url":"https:\/\/aspaen.edu.co\/saucara\/2020\/08\/19\/orientacion-vocacional-con-aspaen-saucara\/","name":"ORIENTACI\u00d3N VOCACIONAL CON ASPAEN SAUCAR\u00c1 - Aspaen Saucar\u00e1","isPartOf":{"@id":"https:\/\/aspaen.edu.co\/saucara\/#website"},"datePublished":"2020-08-19T19:22:25+00:00","dateModified":"2020-08-19T19:22:27+00:00","breadcrumb":{"@id":"https:\/\/aspaen.edu.co\/saucara\/2020\/08\/19\/orientacion-vocacional-con-aspaen-saucara\/#breadcrumb"},"inLanguage":"es","potentialAction":[{"@type":"ReadAction","target":["https:\/\/aspaen.edu.co\/saucara\/2020\/08\/19\/orientacion-vocacional-con-aspaen-saucara\/"]}]},{"@type":"BreadcrumbList","@id":"https:\/\/aspaen.edu.co\/saucara\/2020\/08\/19\/orientacion-vocacional-con-aspaen-saucara\/#breadcrumb","itemListElement":[{"@type":"ListItem","position":1,"name":"Portada","item":"https:\/\/aspaen.edu.co\/saucara\/"},{"@type":"ListItem","position":2,"name":"ORIENTACI\u00d3N VOCACIONAL CON ASPAEN SAUCAR\u00c1"}]},{"@type":"WebSite","@id":"https:\/\/aspaen.edu.co\/saucara\/#website","url":"https:\/\/aspaen.edu.co\/saucara\/","name":"Aspaen Saucar\u00e1","description":"Un buen comienzo para un buen futuro","publisher":{"@id":"https:\/\/aspaen.edu.co\/saucara\/#organization"},"potentialAction":[{"@type":"SearchAction","target":{"@type":"EntryPoint","urlTemplate":"https:\/\/aspaen.edu.co\/saucara\/?s={search_term_string}"},"query-input":"required name=search_term_string"}],"inLanguage":"es"},{"@type":"Organization","@id":"https:\/\/aspaen.edu.co\/saucara\/#organization","name":"Aspaen Saucar\u00e1","url":"https:\/\/aspaen.edu.co\/saucara\/","logo":{"@type":"ImageObject","inLanguage":"es","@id":"https:\/\/aspaen.edu.co\/saucara\/#\/schema\/logo\/image\/","url":"https:\/\/aspaen.edu.co\/saucara\/wp-content\/uploads\/sites\/32\/2020\/06\/logo-saucara-x70.png","contentUrl":"https:\/\/aspaen.edu.co\/saucara\/wp-content\/uploads\/sites\/32\/2020\/06\/logo-saucara-x70.png","width":263,"height":70,"caption":"Aspaen Saucar\u00e1"},"image":{"@id":"https:\/\/aspaen.edu.co\/saucara\/#\/schema\/logo\/image\/"}},{"@type":"Person","@id":"https:\/\/aspaen.edu.co\/saucara\/#\/schema\/person\/ac4a0471eced8467e15621939e4cc247","name":"aspaen","image":{"@type":"ImageObject","inLanguage":"es","@id":"https:\/\/aspaen.edu.co\/saucara\/#\/schema\/person\/image\/","url":"https:\/\/secure.gravatar.com\/avatar\/409832325222a1ed60d7e596e3292bc6?s=96&d=mm&r=g","contentUrl":"https:\/\/secure.gravatar.com\/avatar\/409832325222a1ed60d7e596e3292bc6?s=96&d=mm&r=g","caption":"aspaen"},"url":"https:\/\/aspaen.edu.co\/saucara\/author\/aspaen\/"}]}},"_links":{"self":[{"href":"https:\/\/aspaen.edu.co\/saucara\/wp-json\/wp\/v2\/posts\/2371"}],"collection":[{"href":"https:\/\/aspaen.edu.co\/saucara\/wp-json\/wp\/v2\/posts"}],"about":[{"href":"https:\/\/aspaen.edu.co\/saucara\/wp-json\/wp\/v2\/types\/post"}],"author":[{"embeddable":true,"href":"https:\/\/aspaen.edu.co\/saucara\/wp-json\/wp\/v2\/users\/2"}],"replies":[{"embeddable":true,"href":"https:\/\/aspaen.edu.co\/saucara\/wp-json\/wp\/v2\/comments?post=2371"}],"version-history":[{"count":0,"href":"https:\/\/aspaen.edu.co\/saucara\/wp-json\/wp\/v2\/posts\/2371\/revisions"}],"wp:featuredmedia":[{"embeddable":true,"href":"https:\/\/aspaen.edu.co\/saucara\/wp-json\/wp\/v2\/media\/2372"}],"wp:attachment":[{"href":"https:\/\/aspaen.edu.co\/saucara\/wp-json\/wp\/v2\/media?parent=2371"}],"wp:term":[{"taxonomy":"category","embeddable":true,"href":"https:\/\/aspaen.edu.co\/saucara\/wp-json\/wp\/v2\/categories?post=2371"},{"taxonomy":"post_tag","embeddable":true,"href":"https:\/\/aspaen.edu.co\/saucara\/wp-json\/wp\/v2\/tags?post=2371"}],"curies":[{"name":"wp","href":"https:\/\/api.w.org\/{rel}","templated":true}]}}