{"id":2097,"date":"2021-04-05T16:38:37","date_gmt":"2021-04-05T16:38:37","guid":{"rendered":"https:\/\/aspaen.edu.co\/littleexplorers\/?p=2097"},"modified":"2021-04-05T16:40:20","modified_gmt":"2021-04-05T16:40:20","slug":"el-pensamiento-catolico-hoy-nuevo-programa-de-formacion-para-familias","status":"publish","type":"post","link":"https:\/\/aspaen.edu.co\/littleexplorers\/2021\/04\/05\/el-pensamiento-catolico-hoy-nuevo-programa-de-formacion-para-familias\/","title":{"rendered":"EL PENSAMIENTO CAT\u00d3LICO HOY: NUEVO PROGRAMA DE FORMACI\u00d3N PARA FAMILIAS"},"content":{"rendered":"\n<p>Aspaen Cartagena en alianza con el centro educativo y cultural Baluarte, se unen en un espacio dedicado a transmitir a toda la comunidad la fe cat\u00f3lica de una manera pr\u00e1ctica, sencilla y natural.<\/p>\n\n\n\n<figure class=\"wp-block-video\"><video controls src=\"https:\/\/aspaen.edu.co\/littleexplorers\/wp-content\/uploads\/sites\/47\/2021\/04\/y2mate.com-Aspaen-Cartagena-y-Baluarte-te-invitan-al-lanzamiento-del-programa-El-pensamiento-catolico-hoy_1080pFHR.mp4\"><\/video><\/figure>\n\n\n\n<p>Un programa dirigido a la formaci\u00f3n de familias que tiene como objetivo repasar de una manera natural algunas cuestiones del pensamiento cat\u00f3lico en la actualidad; con el fin de que todos podamos conocer y aprender un poco m\u00e1s sobre nuestra fe, a trav\u00e9s de herramientas que sirven de apoyo para superar la brecha entre lo religioso y lo profesional para que nuestras creencias tengan arraigo en la mente y en el coraz\u00f3n.<br><\/p>\n\n\n\n<p>Muchas veces no sabemos explicar aquello en lo que creemos, transmitir la fe a nuestros hijos requiere de una buena formaci\u00f3n religiosa, por tal motivo, los centros educativos de ASPAEN Cartagena y el Centro Cultural y Educativo, Baluarte ofrecen, como resultado de la alianza entre ambas entidades, este programa dedica un espacio exclusivo a la formaci\u00f3n religiosa de los padres y prepararlos en esta dimensi\u00f3n humana. Cada mi\u00e9rcoles a las 6:30 pm por nuestro canal de YouTube , Aspaen Cartagena se expondr\u00e1n distintos temas vers\u00e1tiles por parte del director del programa Regino Navarro y el invitado a cargo de la sesi\u00f3n.&nbsp;<\/p>\n\n\n\n<p>&nbsp;<br><strong>Temario y expositores<\/strong><\/p>\n\n\n\n<ol><li>Presentaci\u00f3n. \u00bfSe puede educar la fe? Rectores Aspaen Cartagena, Regino Navarro Ribera, director del Programa. Mi\u00e9rcoles 24 de marzo 2021\u00a0<\/li><li>Jesucristo en las pel\u00edculas, en los evangelios y en la historia P. Vicente Prieto. Abogado y Dr. en Derecho can\u00f3nico\u00a0<\/li><li>El cielo, el infierno y el purgatorio. \u00bfMitos o realidades? Juan Manuel Diago. Ingeniero Mec\u00e1nico. Educador<\/li><li>Cat\u00f3licos y evang\u00e9licos. \u00bfSon lo mismo? P. Omar Ben\u00edtez. Ingeniero de petr\u00f3leo y Dr. En Teolog\u00eda<\/li><li>Espiritismo y supersticiones Nicol\u00e1s Pareja. Abogado y Periodista<\/li><li>\u00bfTodos los hombres se salvan? El juicio final. Gustavo Otero. Abogado y Te\u00f3logo.<\/li><li>\u00bfPor qu\u00e9 hay que ir a misa el domingo? Patricia Berm\u00fadez. Abogada. Profesora universitaria.<\/li><li>\u00abEducaci\u00f3n de adolescentes en la fe\u00bb.<\/li><\/ol>\n\n\n\n<p><\/p>\n\n\n\n<p>Este programa va dirigido para todas aquellas personas que quieren reforzar la fe por medio de un proceso educativo, que puede ampliar la propia formaci\u00f3n cultural, y dar raz\u00f3n de por qu\u00e9 los cat\u00f3licos tienen estas creencias.<\/p>\n","protected":false},"excerpt":{"rendered":"<p>Aspaen Cartagena en alianza con el centro educativo y cultural Baluarte, se unen en un espacio dedicado a transmitir a toda la comunidad la fe cat\u00f3lica de una manera pr\u00e1ctica, sencilla y natural. Un programa dirigido a la formaci\u00f3n de familias que tiene como objetivo repasar de una manera natural algunas cuestiones del pensamiento cat\u00f3lico [&hellip;]<\/p>\n","protected":false},"author":2,"featured_media":0,"comment_status":"closed","ping_status":"closed","sticky":false,"template":"","format":"standard","meta":{"footnotes":""},"categories":[1],"tags":[],"yoast_head":"<!-- This site is optimized with the Yoast SEO plugin v21.7 - https:\/\/yoast.com\/wordpress\/plugins\/seo\/ -->\n<title>EL PENSAMIENTO CAT\u00d3LICO HOY: NUEVO PROGRAMA DE FORMACI\u00d3N PARA FAMILIAS - Aspaen Little Explorers<\/title>\n<meta name=\"robots\" content=\"index, follow, max-snippet:-1, max-image-preview:large, max-video-preview:-1\" \/>\n<link rel=\"canonical\" href=\"https:\/\/aspaen.edu.co\/littleexplorers\/2021\/04\/05\/el-pensamiento-catolico-hoy-nuevo-programa-de-formacion-para-familias\/\" \/>\n<meta property=\"og:locale\" content=\"es_ES\" \/>\n<meta property=\"og:type\" content=\"article\" \/>\n<meta property=\"og:title\" content=\"EL PENSAMIENTO CAT\u00d3LICO HOY: NUEVO PROGRAMA DE FORMACI\u00d3N PARA FAMILIAS - Aspaen Little Explorers\" \/>\n<meta property=\"og:description\" content=\"Aspaen Cartagena en alianza con el centro educativo y cultural Baluarte, se unen en un espacio dedicado a transmitir a toda la comunidad la fe cat\u00f3lica de una manera pr\u00e1ctica, sencilla y natural. Un programa dirigido a la formaci\u00f3n de familias que tiene como objetivo repasar de una manera natural algunas cuestiones del pensamiento cat\u00f3lico [&hellip;]\" \/>\n<meta property=\"og:url\" content=\"https:\/\/aspaen.edu.co\/littleexplorers\/2021\/04\/05\/el-pensamiento-catolico-hoy-nuevo-programa-de-formacion-para-familias\/\" \/>\n<meta property=\"og:site_name\" content=\"Aspaen Little Explorers\" \/>\n<meta property=\"article:published_time\" content=\"2021-04-05T16:38:37+00:00\" \/>\n<meta property=\"article:modified_time\" content=\"2021-04-05T16:40:20+00:00\" \/>\n<meta name=\"author\" content=\"aspaen\" \/>\n<meta name=\"twitter:card\" content=\"summary_large_image\" \/>\n<meta name=\"twitter:label1\" content=\"Escrito por\" \/>\n\t<meta name=\"twitter:data1\" content=\"aspaen\" \/>\n\t<meta name=\"twitter:label2\" content=\"Tiempo de lectura\" \/>\n\t<meta name=\"twitter:data2\" content=\"2 minutos\" \/>\n<script type=\"application\/ld+json\" class=\"yoast-schema-graph\">{\"@context\":\"https:\/\/schema.org\",\"@graph\":[{\"@type\":\"Article\",\"@id\":\"https:\/\/aspaen.edu.co\/littleexplorers\/2021\/04\/05\/el-pensamiento-catolico-hoy-nuevo-programa-de-formacion-para-familias\/#article\",\"isPartOf\":{\"@id\":\"https:\/\/aspaen.edu.co\/littleexplorers\/2021\/04\/05\/el-pensamiento-catolico-hoy-nuevo-programa-de-formacion-para-familias\/\"},\"author\":{\"name\":\"aspaen\",\"@id\":\"https:\/\/aspaen.edu.co\/littleexplorers\/#\/schema\/person\/ac4a0471eced8467e15621939e4cc247\"},\"headline\":\"EL PENSAMIENTO CAT\u00d3LICO HOY: NUEVO PROGRAMA DE FORMACI\u00d3N PARA FAMILIAS\",\"datePublished\":\"2021-04-05T16:38:37+00:00\",\"dateModified\":\"2021-04-05T16:40:20+00:00\",\"mainEntityOfPage\":{\"@id\":\"https:\/\/aspaen.edu.co\/littleexplorers\/2021\/04\/05\/el-pensamiento-catolico-hoy-nuevo-programa-de-formacion-para-familias\/\"},\"wordCount\":400,\"publisher\":{\"@id\":\"https:\/\/aspaen.edu.co\/littleexplorers\/#organization\"},\"inLanguage\":\"es\"},{\"@type\":\"WebPage\",\"@id\":\"https:\/\/aspaen.edu.co\/littleexplorers\/2021\/04\/05\/el-pensamiento-catolico-hoy-nuevo-programa-de-formacion-para-familias\/\",\"url\":\"https:\/\/aspaen.edu.co\/littleexplorers\/2021\/04\/05\/el-pensamiento-catolico-hoy-nuevo-programa-de-formacion-para-familias\/\",\"name\":\"EL PENSAMIENTO CAT\u00d3LICO HOY: NUEVO PROGRAMA DE FORMACI\u00d3N PARA FAMILIAS - Aspaen Little Explorers\",\"isPartOf\":{\"@id\":\"https:\/\/aspaen.edu.co\/littleexplorers\/#website\"},\"datePublished\":\"2021-04-05T16:38:37+00:00\",\"dateModified\":\"2021-04-05T16:40:20+00:00\",\"breadcrumb\":{\"@id\":\"https:\/\/aspaen.edu.co\/littleexplorers\/2021\/04\/05\/el-pensamiento-catolico-hoy-nuevo-programa-de-formacion-para-familias\/#breadcrumb\"},\"inLanguage\":\"es\",\"potentialAction\":[{\"@type\":\"ReadAction\",\"target\":[\"https:\/\/aspaen.edu.co\/littleexplorers\/2021\/04\/05\/el-pensamiento-catolico-hoy-nuevo-programa-de-formacion-para-familias\/\"]}]},{\"@type\":\"BreadcrumbList\",\"@id\":\"https:\/\/aspaen.edu.co\/littleexplorers\/2021\/04\/05\/el-pensamiento-catolico-hoy-nuevo-programa-de-formacion-para-familias\/#breadcrumb\",\"itemListElement\":[{\"@type\":\"ListItem\",\"position\":1,\"name\":\"Portada\",\"item\":\"https:\/\/aspaen.edu.co\/littleexplorers\/\"},{\"@type\":\"ListItem\",\"position\":2,\"name\":\"EL PENSAMIENTO CAT\u00d3LICO HOY: NUEVO PROGRAMA DE FORMACI\u00d3N PARA FAMILIAS\"}]},{\"@type\":\"WebSite\",\"@id\":\"https:\/\/aspaen.edu.co\/littleexplorers\/#website\",\"url\":\"https:\/\/aspaen.edu.co\/littleexplorers\/\",\"name\":\"Aspaen Little Explorers\",\"description\":\"Un buen comienzo para un buen futuro\",\"publisher\":{\"@id\":\"https:\/\/aspaen.edu.co\/littleexplorers\/#organization\"},\"potentialAction\":[{\"@type\":\"SearchAction\",\"target\":{\"@type\":\"EntryPoint\",\"urlTemplate\":\"https:\/\/aspaen.edu.co\/littleexplorers\/?s={search_term_string}\"},\"query-input\":\"required name=search_term_string\"}],\"inLanguage\":\"es\"},{\"@type\":\"Organization\",\"@id\":\"https:\/\/aspaen.edu.co\/littleexplorers\/#organization\",\"name\":\"Aspaen Little Explorers\",\"url\":\"https:\/\/aspaen.edu.co\/littleexplorers\/\",\"logo\":{\"@type\":\"ImageObject\",\"inLanguage\":\"es\",\"@id\":\"https:\/\/aspaen.edu.co\/littleexplorers\/#\/schema\/logo\/image\/\",\"url\":\"https:\/\/aspaen.edu.co\/littleexplorers\/wp-content\/uploads\/sites\/47\/2020\/06\/logo-little-explorers-x90.png\",\"contentUrl\":\"https:\/\/aspaen.edu.co\/littleexplorers\/wp-content\/uploads\/sites\/47\/2020\/06\/logo-little-explorers-x90.png\",\"width\":284,\"height\":90,\"caption\":\"Aspaen Little Explorers\"},\"image\":{\"@id\":\"https:\/\/aspaen.edu.co\/littleexplorers\/#\/schema\/logo\/image\/\"}},{\"@type\":\"Person\",\"@id\":\"https:\/\/aspaen.edu.co\/littleexplorers\/#\/schema\/person\/ac4a0471eced8467e15621939e4cc247\",\"name\":\"aspaen\",\"image\":{\"@type\":\"ImageObject\",\"inLanguage\":\"es\",\"@id\":\"https:\/\/aspaen.edu.co\/littleexplorers\/#\/schema\/person\/image\/\",\"url\":\"https:\/\/secure.gravatar.com\/avatar\/409832325222a1ed60d7e596e3292bc6?s=96&d=mm&r=g\",\"contentUrl\":\"https:\/\/secure.gravatar.com\/avatar\/409832325222a1ed60d7e596e3292bc6?s=96&d=mm&r=g\",\"caption\":\"aspaen\"},\"url\":\"https:\/\/aspaen.edu.co\/littleexplorers\/author\/aspaen\/\"}]}<\/script>\n<!-- \/ Yoast SEO plugin. -->","yoast_head_json":{"title":"EL PENSAMIENTO CAT\u00d3LICO HOY: NUEVO PROGRAMA DE FORMACI\u00d3N PARA FAMILIAS - Aspaen Little Explorers","robots":{"index":"index","follow":"follow","max-snippet":"max-snippet:-1","max-image-preview":"max-image-preview:large","max-video-preview":"max-video-preview:-1"},"canonical":"https:\/\/aspaen.edu.co\/littleexplorers\/2021\/04\/05\/el-pensamiento-catolico-hoy-nuevo-programa-de-formacion-para-familias\/","og_locale":"es_ES","og_type":"article","og_title":"EL PENSAMIENTO CAT\u00d3LICO HOY: NUEVO PROGRAMA DE FORMACI\u00d3N PARA FAMILIAS - Aspaen Little Explorers","og_description":"Aspaen Cartagena en alianza con el centro educativo y cultural Baluarte, se unen en un espacio dedicado a transmitir a toda la comunidad la fe cat\u00f3lica de una manera pr\u00e1ctica, sencilla y natural. Un programa dirigido a la formaci\u00f3n de familias que tiene como objetivo repasar de una manera natural algunas cuestiones del pensamiento cat\u00f3lico [&hellip;]","og_url":"https:\/\/aspaen.edu.co\/littleexplorers\/2021\/04\/05\/el-pensamiento-catolico-hoy-nuevo-programa-de-formacion-para-familias\/","og_site_name":"Aspaen Little Explorers","article_published_time":"2021-04-05T16:38:37+00:00","article_modified_time":"2021-04-05T16:40:20+00:00","author":"aspaen","twitter_card":"summary_large_image","twitter_misc":{"Escrito por":"aspaen","Tiempo de lectura":"2 minutos"},"schema":{"@context":"https:\/\/schema.org","@graph":[{"@type":"Article","@id":"https:\/\/aspaen.edu.co\/littleexplorers\/2021\/04\/05\/el-pensamiento-catolico-hoy-nuevo-programa-de-formacion-para-familias\/#article","isPartOf":{"@id":"https:\/\/aspaen.edu.co\/littleexplorers\/2021\/04\/05\/el-pensamiento-catolico-hoy-nuevo-programa-de-formacion-para-familias\/"},"author":{"name":"aspaen","@id":"https:\/\/aspaen.edu.co\/littleexplorers\/#\/schema\/person\/ac4a0471eced8467e15621939e4cc247"},"headline":"EL PENSAMIENTO CAT\u00d3LICO HOY: NUEVO PROGRAMA DE FORMACI\u00d3N PARA FAMILIAS","datePublished":"2021-04-05T16:38:37+00:00","dateModified":"2021-04-05T16:40:20+00:00","mainEntityOfPage":{"@id":"https:\/\/aspaen.edu.co\/littleexplorers\/2021\/04\/05\/el-pensamiento-catolico-hoy-nuevo-programa-de-formacion-para-familias\/"},"wordCount":400,"publisher":{"@id":"https:\/\/aspaen.edu.co\/littleexplorers\/#organization"},"inLanguage":"es"},{"@type":"WebPage","@id":"https:\/\/aspaen.edu.co\/littleexplorers\/2021\/04\/05\/el-pensamiento-catolico-hoy-nuevo-programa-de-formacion-para-familias\/","url":"https:\/\/aspaen.edu.co\/littleexplorers\/2021\/04\/05\/el-pensamiento-catolico-hoy-nuevo-programa-de-formacion-para-familias\/","name":"EL PENSAMIENTO CAT\u00d3LICO HOY: NUEVO PROGRAMA DE FORMACI\u00d3N PARA FAMILIAS - Aspaen Little Explorers","isPartOf":{"@id":"https:\/\/aspaen.edu.co\/littleexplorers\/#website"},"datePublished":"2021-04-05T16:38:37+00:00","dateModified":"2021-04-05T16:40:20+00:00","breadcrumb":{"@id":"https:\/\/aspaen.edu.co\/littleexplorers\/2021\/04\/05\/el-pensamiento-catolico-hoy-nuevo-programa-de-formacion-para-familias\/#breadcrumb"},"inLanguage":"es","potentialAction":[{"@type":"ReadAction","target":["https:\/\/aspaen.edu.co\/littleexplorers\/2021\/04\/05\/el-pensamiento-catolico-hoy-nuevo-programa-de-formacion-para-familias\/"]}]},{"@type":"BreadcrumbList","@id":"https:\/\/aspaen.edu.co\/littleexplorers\/2021\/04\/05\/el-pensamiento-catolico-hoy-nuevo-programa-de-formacion-para-familias\/#breadcrumb","itemListElement":[{"@type":"ListItem","position":1,"name":"Portada","item":"https:\/\/aspaen.edu.co\/littleexplorers\/"},{"@type":"ListItem","position":2,"name":"EL PENSAMIENTO CAT\u00d3LICO HOY: NUEVO PROGRAMA DE FORMACI\u00d3N PARA FAMILIAS"}]},{"@type":"WebSite","@id":"https:\/\/aspaen.edu.co\/littleexplorers\/#website","url":"https:\/\/aspaen.edu.co\/littleexplorers\/","name":"Aspaen Little Explorers","description":"Un buen comienzo para un buen futuro","publisher":{"@id":"https:\/\/aspaen.edu.co\/littleexplorers\/#organization"},"potentialAction":[{"@type":"SearchAction","target":{"@type":"EntryPoint","urlTemplate":"https:\/\/aspaen.edu.co\/littleexplorers\/?s={search_term_string}"},"query-input":"required name=search_term_string"}],"inLanguage":"es"},{"@type":"Organization","@id":"https:\/\/aspaen.edu.co\/littleexplorers\/#organization","name":"Aspaen Little Explorers","url":"https:\/\/aspaen.edu.co\/littleexplorers\/","logo":{"@type":"ImageObject","inLanguage":"es","@id":"https:\/\/aspaen.edu.co\/littleexplorers\/#\/schema\/logo\/image\/","url":"https:\/\/aspaen.edu.co\/littleexplorers\/wp-content\/uploads\/sites\/47\/2020\/06\/logo-little-explorers-x90.png","contentUrl":"https:\/\/aspaen.edu.co\/littleexplorers\/wp-content\/uploads\/sites\/47\/2020\/06\/logo-little-explorers-x90.png","width":284,"height":90,"caption":"Aspaen Little Explorers"},"image":{"@id":"https:\/\/aspaen.edu.co\/littleexplorers\/#\/schema\/logo\/image\/"}},{"@type":"Person","@id":"https:\/\/aspaen.edu.co\/littleexplorers\/#\/schema\/person\/ac4a0471eced8467e15621939e4cc247","name":"aspaen","image":{"@type":"ImageObject","inLanguage":"es","@id":"https:\/\/aspaen.edu.co\/littleexplorers\/#\/schema\/person\/image\/","url":"https:\/\/secure.gravatar.com\/avatar\/409832325222a1ed60d7e596e3292bc6?s=96&d=mm&r=g","contentUrl":"https:\/\/secure.gravatar.com\/avatar\/409832325222a1ed60d7e596e3292bc6?s=96&d=mm&r=g","caption":"aspaen"},"url":"https:\/\/aspaen.edu.co\/littleexplorers\/author\/aspaen\/"}]}},"_links":{"self":[{"href":"https:\/\/aspaen.edu.co\/littleexplorers\/wp-json\/wp\/v2\/posts\/2097"}],"collection":[{"href":"https:\/\/aspaen.edu.co\/littleexplorers\/wp-json\/wp\/v2\/posts"}],"about":[{"href":"https:\/\/aspaen.edu.co\/littleexplorers\/wp-json\/wp\/v2\/types\/post"}],"author":[{"embeddable":true,"href":"https:\/\/aspaen.edu.co\/littleexplorers\/wp-json\/wp\/v2\/users\/2"}],"replies":[{"embeddable":true,"href":"https:\/\/aspaen.edu.co\/littleexplorers\/wp-json\/wp\/v2\/comments?post=2097"}],"version-history":[{"count":0,"href":"https:\/\/aspaen.edu.co\/littleexplorers\/wp-json\/wp\/v2\/posts\/2097\/revisions"}],"wp:attachment":[{"href":"https:\/\/aspaen.edu.co\/littleexplorers\/wp-json\/wp\/v2\/media?parent=2097"}],"wp:term":[{"taxonomy":"category","embeddable":true,"href":"https:\/\/aspaen.edu.co\/littleexplorers\/wp-json\/wp\/v2\/categories?post=2097"},{"taxonomy":"post_tag","embeddable":true,"href":"https:\/\/aspaen.edu.co\/littleexplorers\/wp-json\/wp\/v2\/tags?post=2097"}],"curies":[{"name":"wp","href":"https:\/\/api.w.org\/{rel}","templated":true}]}}