{"id":3095,"date":"2025-03-21T14:55:55","date_gmt":"2025-03-21T19:55:55","guid":{"rendered":"https:\/\/aspaen.edu.co\/lafragua\/?p=3095"},"modified":"2025-03-21T15:54:29","modified_gmt":"2025-03-21T20:54:29","slug":"colegio-oportunidades-conoce-nuestro-equipo-internacionalizacion","status":"publish","type":"post","link":"https:\/\/aspaen.edu.co\/lafragua\/2025\/03\/21\/colegio-oportunidades-conoce-nuestro-equipo-internacionalizacion\/","title":{"rendered":"Un colegio, infinitas oportunidades: Conoce nuestro equipo de internacionalizaci\u00f3n"},"content":{"rendered":"\t\t<div data-elementor-type=\"wp-post\" data-elementor-id=\"3095\" class=\"elementor elementor-3095\" data-elementor-post-type=\"post\">\n\t\t\t\t\t\t\t\t\t<section class=\"elementor-section elementor-top-section elementor-element elementor-element-586a3564 elementor-section-boxed elementor-section-height-default elementor-section-height-default\" data-id=\"586a3564\" data-element_type=\"section\">\n\t\t\t\t\t\t<div class=\"elementor-container elementor-column-gap-default\">\n\t\t\t\t\t<div class=\"elementor-column elementor-col-100 elementor-top-column elementor-element elementor-element-2afd66b2\" data-id=\"2afd66b2\" data-element_type=\"column\">\n\t\t\t<div class=\"elementor-widget-wrap elementor-element-populated\">\n\t\t\t\t\t\t\t\t<div class=\"elementor-element elementor-element-3999d1a0 elementor-widget elementor-widget-text-editor\" data-id=\"3999d1a0\" data-element_type=\"widget\" data-widget_type=\"text-editor.default\">\n\t\t\t\t<div class=\"elementor-widget-container\">\n\t\t\t\t\t\t\t<p data-pm-slice=\"1 1 []\">En Aspaen Neiva, creemos que la educaci\u00f3n trasciende las fronteras. Nuestro programa de internacionalizaci\u00f3n ofrece a los estudiantes experiencias globales que fortalecen su dominio del ingl\u00e9s, su conexi\u00f3n con el mundo y su proyecci\u00f3n acad\u00e9mica. Gracias a esto, <strong>ocupamos el puesto #1 en el dominio del ingl\u00e9s en el departamento del Huila<\/strong>, seg\u00fan los \u00faltimos resultados de las Pruebas Saber 11.<\/p>\n\n<h2 data-pm-slice=\"1 1 []\">Conoce a nuestro equipo de internacionalizaci\u00f3n<\/h2>\n<p data-pm-slice=\"1 1 []\">Detr\u00e1s de cada oportunidad global, hay un equipo comprometido en guiar y acompa\u00f1ar a nuestros estudiantes en su formaci\u00f3n internacional.<\/p>\n<p data-pm-slice=\"1 1 []\"><\/p>\t\t\t\t\t\t<\/div>\n\t\t\t\t<\/div>\n\t\t\t\t\t<\/div>\n\t\t<\/div>\n\t\t\t\t\t\t\t<\/div>\n\t\t<\/section>\n\t\t\t\t<section class=\"elementor-section elementor-top-section elementor-element elementor-element-d0a8b16 elementor-section-boxed elementor-section-height-default elementor-section-height-default\" data-id=\"d0a8b16\" data-element_type=\"section\">\n\t\t\t\t\t\t<div class=\"elementor-container elementor-column-gap-default\">\n\t\t\t\t\t<div class=\"elementor-column elementor-col-100 elementor-top-column elementor-element elementor-element-c52baf5\" data-id=\"c52baf5\" data-element_type=\"column\">\n\t\t\t<div class=\"elementor-widget-wrap elementor-element-populated\">\n\t\t\t\t\t\t\t\t<div class=\"elementor-element elementor-element-e3038fc elementor-widget elementor-widget-image\" data-id=\"e3038fc\" data-element_type=\"widget\" data-widget_type=\"image.default\">\n\t\t\t\t<div class=\"elementor-widget-container\">\n\t\t\t\t\t\t\t\t\t\t\t\t\t\t\t<img fetchpriority=\"high\" decoding=\"async\" width=\"800\" height=\"600\" src=\"https:\/\/aspaen.edu.co\/lafragua\/wp-content\/uploads\/sites\/37\/2025\/03\/WhatsApp-Image-2025-03-21-at-2.20.31-PM-1024x768.jpeg\" class=\"attachment-large size-large wp-image-3096\" alt=\"Equipo de internacionalizaci\u00f3n\" srcset=\"https:\/\/aspaen.edu.co\/lafragua\/wp-content\/uploads\/sites\/37\/2025\/03\/WhatsApp-Image-2025-03-21-at-2.20.31-PM-1024x768.jpeg 1024w, https:\/\/aspaen.edu.co\/lafragua\/wp-content\/uploads\/sites\/37\/2025\/03\/WhatsApp-Image-2025-03-21-at-2.20.31-PM-300x225.jpeg 300w, https:\/\/aspaen.edu.co\/lafragua\/wp-content\/uploads\/sites\/37\/2025\/03\/WhatsApp-Image-2025-03-21-at-2.20.31-PM-768x576.jpeg 768w, https:\/\/aspaen.edu.co\/lafragua\/wp-content\/uploads\/sites\/37\/2025\/03\/WhatsApp-Image-2025-03-21-at-2.20.31-PM-1536x1152.jpeg 1536w, https:\/\/aspaen.edu.co\/lafragua\/wp-content\/uploads\/sites\/37\/2025\/03\/WhatsApp-Image-2025-03-21-at-2.20.31-PM-scaled.jpeg 2048w\" sizes=\"(max-width: 800px) 100vw, 800px\" \/>\t\t\t\t\t\t\t\t\t\t\t\t\t\t\t<\/div>\n\t\t\t\t<\/div>\n\t\t\t\t<div class=\"elementor-element elementor-element-fdc5075 elementor-widget elementor-widget-text-editor\" data-id=\"fdc5075\" data-element_type=\"widget\" data-widget_type=\"text-editor.default\">\n\t\t\t\t<div class=\"elementor-widget-container\">\n\t\t\t\t\t\t\t<p data-pm-slice=\"1 1 []\">Alejandra Quintero, coordinadora del Programa de Internacionalizaci\u00f3n de Aspaen Yuman\u00e1: Con una vasta experiencia en educaci\u00f3n global, lidera la implementaci\u00f3n de estrategias que conectan a nuestros estudiantes con el mundo.<\/p><p data-pm-slice=\"1 1 []\">Felipe Rojas, coordinador de Internacionalizaci\u00f3n de Aspaen La Fragua: Especialista en metodolog\u00edas biling\u00fces e interculturales, acompa\u00f1a a los estudiantes en su proceso de inmersi\u00f3n ling\u00fc\u00edstica y acad\u00e9mica.<\/p>\t\t\t\t\t\t<\/div>\n\t\t\t\t<\/div>\n\t\t\t\t<div class=\"elementor-element elementor-element-ee2cf18 elementor-widget elementor-widget-text-editor\" data-id=\"ee2cf18\" data-element_type=\"widget\" data-widget_type=\"text-editor.default\">\n\t\t\t\t<div class=\"elementor-widget-container\">\n\t\t\t\t\t\t\t\t\t\t\t\t\t<\/div>\n\t\t\t\t<\/div>\n\t\t\t\t\t<\/div>\n\t\t<\/div>\n\t\t\t\t\t\t\t<\/div>\n\t\t<\/section>\n\t\t\t\t<section class=\"elementor-section elementor-top-section elementor-element elementor-element-7ba7b43 elementor-section-boxed elementor-section-height-default elementor-section-height-default\" data-id=\"7ba7b43\" data-element_type=\"section\">\n\t\t\t\t\t\t<div class=\"elementor-container elementor-column-gap-default\">\n\t\t\t\t\t<div class=\"elementor-column elementor-col-100 elementor-top-column elementor-element elementor-element-e7cfce8\" data-id=\"e7cfce8\" data-element_type=\"column\">\n\t\t\t<div class=\"elementor-widget-wrap elementor-element-populated\">\n\t\t\t\t\t\t\t\t<div class=\"elementor-element elementor-element-3db0796 elementor-skin-carousel elementor-arrows-yes elementor-pagination-type-bullets elementor-pagination-position-outside elementor-widget elementor-widget-media-carousel\" data-id=\"3db0796\" data-element_type=\"widget\" data-settings=\"{&quot;skin&quot;:&quot;carousel&quot;,&quot;effect&quot;:&quot;slide&quot;,&quot;show_arrows&quot;:&quot;yes&quot;,&quot;pagination&quot;:&quot;bullets&quot;,&quot;speed&quot;:500,&quot;autoplay&quot;:&quot;yes&quot;,&quot;autoplay_speed&quot;:5000,&quot;loop&quot;:&quot;yes&quot;,&quot;pause_on_hover&quot;:&quot;yes&quot;,&quot;pause_on_interaction&quot;:&quot;yes&quot;,&quot;space_between&quot;:{&quot;unit&quot;:&quot;px&quot;,&quot;size&quot;:10,&quot;sizes&quot;:[]},&quot;space_between_tablet&quot;:{&quot;unit&quot;:&quot;px&quot;,&quot;size&quot;:10,&quot;sizes&quot;:[]},&quot;space_between_mobile&quot;:{&quot;unit&quot;:&quot;px&quot;,&quot;size&quot;:10,&quot;sizes&quot;:[]}}\" data-widget_type=\"media-carousel.default\">\n\t\t\t\t<div class=\"elementor-widget-container\">\n\t\t\t\t\t<div class=\"elementor-swiper\">\n\t\t\t<div class=\"elementor-main-swiper swiper-container\">\n\t\t\t\t<div class=\"swiper-wrapper\">\n\t\t\t\t\t\t\t\t\t\t\t<div class=\"swiper-slide\">\n\t\t\t\t\t\t\t\t\t<div class=\"elementor-carousel-image\" role=\"img\" aria-label=\"Docentes de ingl\u00e9s La Fragua\" style=\"background-image: url(&#039;https:\/\/aspaen.edu.co\/lafragua\/wp-content\/uploads\/sites\/37\/2025\/03\/WhatsApp-Image-2025-03-21-at-2.32.09-PM-scaled.jpeg&#039;)\">\n\n\t\t\t\n\t\t\t\t\t<\/div>\n\t\t\t\t\t\t\t\t<\/div>\n\t\t\t\t\t\t\t\t\t\t\t<div class=\"swiper-slide\">\n\t\t\t\t\t\t\t\t\t<div class=\"elementor-carousel-image\" role=\"img\" aria-label=\"Docentes de ingl\u00e9s Yuman\u00e1.\" style=\"background-image: url(&#039;https:\/\/aspaen.edu.co\/lafragua\/wp-content\/uploads\/sites\/37\/2025\/03\/WhatsApp-Image-2025-03-21-at-2.30.50-PM-scaled.jpeg&#039;)\">\n\n\t\t\t\n\t\t\t\t\t<\/div>\n\t\t\t\t\t\t\t\t<\/div>\n\t\t\t\t\t\t\t\t\t\t\t<div class=\"swiper-slide\">\n\t\t\t\t\t\t\t\t\t<div class=\"elementor-carousel-image\" role=\"img\" aria-label=\"Docentes biling\u00fces\" style=\"background-image: url(&#039;https:\/\/aspaen.edu.co\/lafragua\/wp-content\/uploads\/sites\/37\/2025\/03\/WhatsApp-Image-2025-03-21-at-2.31.27-PM-scaled.jpeg&#039;)\">\n\n\t\t\t\n\t\t\t\t\t<\/div>\n\t\t\t\t\t\t\t\t<\/div>\n\t\t\t\t\t\t\t\t\t<\/div>\n\t\t\t\t\t\t\t\t\t\t\t\t\t\t\t<div class=\"swiper-pagination\"><\/div>\n\t\t\t\t\t\t\t\t\t\t\t\t\t\t\t\t<div class=\"elementor-swiper-button elementor-swiper-button-prev\" role=\"button\" tabindex=\"0\">\n\t\t\t\t\t\t\t<i aria-hidden=\"true\" class=\"eicon-chevron-left\"><\/i>\t\t\t\t\t\t\t<span class=\"elementor-screen-only\">Anterior<\/span>\n\t\t\t\t\t\t<\/div>\n\t\t\t\t\t\t<div class=\"elementor-swiper-button elementor-swiper-button-next\" role=\"button\" tabindex=\"0\">\n\t\t\t\t\t\t\t<i aria-hidden=\"true\" class=\"eicon-chevron-right\"><\/i>\t\t\t\t\t\t\t<span class=\"elementor-screen-only\">Siguiente<\/span>\n\t\t\t\t\t\t<\/div>\n\t\t\t\t\t\t\t\t\t\t\t\t<\/div>\n\t\t<\/div>\n\t\t\t\t<\/div>\n\t\t\t\t<\/div>\n\t\t\t\t<div class=\"elementor-element elementor-element-39f21ce elementor-widget elementor-widget-text-editor\" data-id=\"39f21ce\" data-element_type=\"widget\" data-widget_type=\"text-editor.default\">\n\t\t\t\t<div class=\"elementor-widget-container\">\n\t\t\t\t\t\t\t<p class=\"MsoNormal\">Adem\u00e1s, el&nbsp;<b>equipo de ingl\u00e9s de Aspaen Yuman\u00e1 y\nAspaen La Fragua<\/b>&nbsp;trabaja incansablemente para fortalecer el dominio\ndel idioma en cada etapa educativa, asegurando que los estudiantes alcancen los\nm\u00e1s altos niveles de competencia en ingl\u00e9s. En&nbsp;<b>Aspaen La Fragua<\/b>,\nhemos comenzado nuestro proceso biling\u00fce, en donde contamos con clases en\ningl\u00e9s para las \u00e1reas de ciencias, matem\u00e1ticas y sociales.<o:p><\/o:p><\/p>\t\t\t\t\t\t<\/div>\n\t\t\t\t<\/div>\n\t\t\t\t<div class=\"elementor-element elementor-element-20f82c9 elementor-widget elementor-widget-heading\" data-id=\"20f82c9\" data-element_type=\"widget\" data-widget_type=\"heading.default\">\n\t\t\t\t<div class=\"elementor-widget-container\">\n\t\t\t<h2 class=\"elementor-heading-title elementor-size-default\"><p class=\"MsoNormal\">Formaci\u00f3n en ingl\u00e9s con certificaciones internacionales<o:p><\/o:p><\/p><\/h2>\t\t<\/div>\n\t\t\t\t<\/div>\n\t\t\t\t\t<\/div>\n\t\t<\/div>\n\t\t\t\t\t\t\t<\/div>\n\t\t<\/section>\n\t\t\t\t<section class=\"elementor-section elementor-top-section elementor-element elementor-element-009cd1b elementor-section-boxed elementor-section-height-default elementor-section-height-default\" data-id=\"009cd1b\" data-element_type=\"section\">\n\t\t\t\t\t\t<div class=\"elementor-container elementor-column-gap-default\">\n\t\t\t\t\t<div class=\"elementor-column elementor-col-100 elementor-top-column elementor-element elementor-element-e68896e\" data-id=\"e68896e\" data-element_type=\"column\">\n\t\t\t<div class=\"elementor-widget-wrap elementor-element-populated\">\n\t\t\t\t\t\t\t\t<div class=\"elementor-element elementor-element-eaaca8f elementor-widget elementor-widget-text-editor\" data-id=\"eaaca8f\" data-element_type=\"widget\" data-widget_type=\"text-editor.default\">\n\t\t\t\t<div class=\"elementor-widget-container\">\n\t\t\t\t\t\t\t<p class=\"MsoNormal\">Preparamos a nuestros estudiantes para certificaciones\ninternacionales con los ex\u00e1menes&nbsp;<b>Cambridge Flyers, PET e IELTS<\/b>, en\nlos grados 5\u00b0, 8\u00b0 y 11\u00b0.<o:p><\/o:p><\/p><p>\n\n<\/p><p class=\"MsoNormal\">El examen&nbsp;<b>IELTS<\/b>&nbsp;permite a nuestros\nestudiantes validar su dominio del ingl\u00e9s a nivel universitario en Colombia, lo\nque facilita su avance acad\u00e9mico y la obtenci\u00f3n de cr\u00e9ditos para continuar con\nestudios en idiomas. Como resultado de este proceso, nuestros estudiantes\nalcanzan niveles superiores como<b>&nbsp;B2, B2+ y C1<\/b>.<o:p><\/o:p><\/p>\t\t\t\t\t\t<\/div>\n\t\t\t\t<\/div>\n\t\t\t\t\t<\/div>\n\t\t<\/div>\n\t\t\t\t\t\t\t<\/div>\n\t\t<\/section>\n\t\t\t\t<section class=\"elementor-section elementor-top-section elementor-element elementor-element-741392b elementor-section-boxed elementor-section-height-default elementor-section-height-default\" data-id=\"741392b\" data-element_type=\"section\">\n\t\t\t\t\t\t<div class=\"elementor-container elementor-column-gap-default\">\n\t\t\t\t\t<div class=\"elementor-column elementor-col-100 elementor-top-column elementor-element elementor-element-b1ce2ba\" data-id=\"b1ce2ba\" data-element_type=\"column\">\n\t\t\t<div class=\"elementor-widget-wrap elementor-element-populated\">\n\t\t\t\t\t\t\t\t<div class=\"elementor-element elementor-element-7d0a602 elementor-widget elementor-widget-heading\" data-id=\"7d0a602\" data-element_type=\"widget\" data-widget_type=\"heading.default\">\n\t\t\t\t<div class=\"elementor-widget-container\">\n\t\t\t<h2 class=\"elementor-heading-title elementor-size-default\"><p class=\"MsoNormal\">Proyectos innovadores que potencian habilidades globales<o:p><\/o:p><\/p><\/h2>\t\t<\/div>\n\t\t\t\t<\/div>\n\t\t\t\t\t<\/div>\n\t\t<\/div>\n\t\t\t\t\t\t\t<\/div>\n\t\t<\/section>\n\t\t\t\t<section class=\"elementor-section elementor-top-section elementor-element elementor-element-9f4573f elementor-section-boxed elementor-section-height-default elementor-section-height-default\" data-id=\"9f4573f\" data-element_type=\"section\">\n\t\t\t\t\t\t<div class=\"elementor-container elementor-column-gap-default\">\n\t\t\t\t\t<div class=\"elementor-column elementor-col-100 elementor-top-column elementor-element elementor-element-0818b81\" data-id=\"0818b81\" data-element_type=\"column\">\n\t\t\t<div class=\"elementor-widget-wrap elementor-element-populated\">\n\t\t\t\t\t\t\t\t<div class=\"elementor-element elementor-element-9c54243 elementor-widget elementor-widget-text-editor\" data-id=\"9c54243\" data-element_type=\"widget\" data-widget_type=\"text-editor.default\">\n\t\t\t\t<div class=\"elementor-widget-container\">\n\t\t\t\t\t\t\t<p class=\"MsoNormal\">Nuestra estrategia de internacionalizaci\u00f3n se complementa\ncon programas que fomentan la comunicaci\u00f3n efectiva en ingl\u00e9s y el contacto con\notras culturas:<o:p><\/o:p><\/p><p class=\"MsoNormal\"><b>Proyecto Speak Up en Aspaen Yuman\u00e1:<\/b>&nbsp;Se\ndesarrolla desde&nbsp;<b>1\u00b0 hasta 11\u00b0<\/b>, enfoc\u00e1ndose en competencias y\nhabilidades comunicativas dentro y fuera del aula. Cada viernes, los\nestudiantes participan en actividades creativas que refuerzan su aprendizaje.<o:p><\/o:p><\/p><p>\n\n\n\n<\/p><p class=\"MsoNormal\"><b>Classroom Without Borders en Aspaen La Fragua:<\/b>&nbsp;Durante\nel a\u00f1o, los estudiantes se conectan con&nbsp;<b>m\u00e1s de 21 pa\u00edses<\/b>,\nparticipando en conversaciones, juegos y actividades con estudiantes y\nprofesores de todo el mundo.<o:p><\/o:p><\/p>\t\t\t\t\t\t<\/div>\n\t\t\t\t<\/div>\n\t\t\t\t\t<\/div>\n\t\t<\/div>\n\t\t\t\t\t\t\t<\/div>\n\t\t<\/section>\n\t\t\t\t<section class=\"elementor-section elementor-top-section elementor-element elementor-element-3785599 elementor-section-boxed elementor-section-height-default elementor-section-height-default\" data-id=\"3785599\" data-element_type=\"section\">\n\t\t\t\t\t\t<div class=\"elementor-container elementor-column-gap-default\">\n\t\t\t\t\t<div class=\"elementor-column elementor-col-100 elementor-top-column elementor-element elementor-element-b831888\" data-id=\"b831888\" data-element_type=\"column\">\n\t\t\t<div class=\"elementor-widget-wrap elementor-element-populated\">\n\t\t\t\t\t\t\t\t<div class=\"elementor-element elementor-element-6ec95d2 elementor-widget elementor-widget-heading\" data-id=\"6ec95d2\" data-element_type=\"widget\" data-widget_type=\"heading.default\">\n\t\t\t\t<div class=\"elementor-widget-container\">\n\t\t\t<h2 class=\"elementor-heading-title elementor-size-default\"><p class=\"MsoNormal\">Experiencias internacionales: inmersiones y doble titulaci\u00f3n<o:p><\/o:p><\/p><\/h2>\t\t<\/div>\n\t\t\t\t<\/div>\n\t\t\t\t\t<\/div>\n\t\t<\/div>\n\t\t\t\t\t\t\t<\/div>\n\t\t<\/section>\n\t\t\t\t<section class=\"elementor-section elementor-top-section elementor-element elementor-element-dbe8572 elementor-section-boxed elementor-section-height-default elementor-section-height-default\" data-id=\"dbe8572\" data-element_type=\"section\">\n\t\t\t\t\t\t<div class=\"elementor-container elementor-column-gap-default\">\n\t\t\t\t\t<div class=\"elementor-column elementor-col-100 elementor-top-column elementor-element elementor-element-c880419\" data-id=\"c880419\" data-element_type=\"column\">\n\t\t\t<div class=\"elementor-widget-wrap elementor-element-populated\">\n\t\t\t\t\t\t\t\t<div class=\"elementor-element elementor-element-7c3aad2 elementor-widget elementor-widget-text-editor\" data-id=\"7c3aad2\" data-element_type=\"widget\" data-widget_type=\"text-editor.default\">\n\t\t\t\t<div class=\"elementor-widget-container\">\n\t\t\t\t\t\t\t<p class=\"MsoNormal\">Para fortalecer su desarrollo global, nuestros estudiantes\ntienen acceso a&nbsp;<b>programas de inmersi\u00f3n en el exterior<\/b>&nbsp;y la\noportunidad de obtener una&nbsp;<b>doble titulaci\u00f3n internacional<\/b>.<o:p><\/o:p><\/p><p class=\"MsoNormal\"><b>Summer Camp en Canad\u00e1:<\/b>&nbsp;En 2024,&nbsp;<b>seis\nestudiantes de Aspaen Neiva (de 7\u00b0 y 10\u00b0 grado)<\/b>&nbsp;vivieron una\nexperiencia inolvidable en Canad\u00e1, perfeccionando su ingl\u00e9s y explorando nuevas\nculturas.<o:p><\/o:p><\/p><p>\n\n\n\n<\/p><p class=\"MsoNormal\"><b>International Double Degree:<\/b>&nbsp;Actualmente,&nbsp;<b>dos\nestudiantes de grado 11 y uno de grado 10<\/b>&nbsp;est\u00e1n en proceso de obtener\nsu doble titulaci\u00f3n con Canad\u00e1. Cualquier estudiante de Aspaen puede acceder a\nesta opci\u00f3n de manera virtual o h\u00edbrida con Estados Unidos o Canad\u00e1. Nuestra\nprimera egresada con doble titulaci\u00f3n en la Red Aspaen fue&nbsp;<b>Laura\nDaniela Quintero Ram\u00edrez, PROM 2023<\/b>.<o:p><\/o:p><\/p>\t\t\t\t\t\t<\/div>\n\t\t\t\t<\/div>\n\t\t\t\t\t<\/div>\n\t\t<\/div>\n\t\t\t\t\t\t\t<\/div>\n\t\t<\/section>\n\t\t\t\t<section class=\"elementor-section elementor-top-section elementor-element elementor-element-1e1d4af elementor-section-boxed elementor-section-height-default elementor-section-height-default\" data-id=\"1e1d4af\" data-element_type=\"section\">\n\t\t\t\t\t\t<div class=\"elementor-container elementor-column-gap-default\">\n\t\t\t\t\t<div class=\"elementor-column elementor-col-100 elementor-top-column elementor-element elementor-element-5996a27\" data-id=\"5996a27\" data-element_type=\"column\">\n\t\t\t<div class=\"elementor-widget-wrap elementor-element-populated\">\n\t\t\t\t\t\t\t\t<div class=\"elementor-element elementor-element-765d8b0 elementor-widget elementor-widget-heading\" data-id=\"765d8b0\" data-element_type=\"widget\" data-widget_type=\"heading.default\">\n\t\t\t\t<div class=\"elementor-widget-container\">\n\t\t\t<h2 class=\"elementor-heading-title elementor-size-default\"><p>Oportunidades en el exterior<span style=\"color: var( --e-global-color-primary ); font-family: var( --e-global-typography-primary-font-family ); font-size: 2rem; font-weight: var( --e-global-typography-primary-font-weight );\"><\/span><\/p><\/h2>\t\t<\/div>\n\t\t\t\t<\/div>\n\t\t\t\t\t<\/div>\n\t\t<\/div>\n\t\t\t\t\t\t\t<\/div>\n\t\t<\/section>\n\t\t\t\t<section class=\"elementor-section elementor-top-section elementor-element elementor-element-9b45a12 elementor-section-boxed elementor-section-height-default elementor-section-height-default\" data-id=\"9b45a12\" data-element_type=\"section\">\n\t\t\t\t\t\t<div class=\"elementor-container elementor-column-gap-default\">\n\t\t\t\t\t<div class=\"elementor-column elementor-col-100 elementor-top-column elementor-element elementor-element-7b7c582\" data-id=\"7b7c582\" data-element_type=\"column\">\n\t\t\t<div class=\"elementor-widget-wrap elementor-element-populated\">\n\t\t\t\t\t\t\t\t<div class=\"elementor-element elementor-element-9694359 elementor-widget elementor-widget-text-editor\" data-id=\"9694359\" data-element_type=\"widget\" data-widget_type=\"text-editor.default\">\n\t\t\t\t<div class=\"elementor-widget-container\">\n\t\t\t\t\t\t\t<p class=\"MsoNormal\">En Aspaen, brindamos a nuestros estudiantes acceso a una\neducaci\u00f3n sin fronteras, con la posibilidad de realizar estudios en el\nextranjero, intercambios acad\u00e9micos y procesos de admisi\u00f3n en universidades de\nprestigio internacional. A trav\u00e9s de convenios con diversas instituciones\nalrededor del mundo, los estudiantes pueden aplicar a becas y\nexperiencias&nbsp; pa\u00edses como Canad\u00e1, Estados Unidos, Espa\u00f1a, Francia,\nAustria, M\u00e9xico, Per\u00fa, Turqu\u00eda, Ecuador e Irlanda.<o:p><\/o:p><\/p><p>\n\n<\/p><p class=\"MsoNormal\">Nuestro objetivo es que cada estudiante pueda expandir sus\nhorizontes y desarrollar su potencial en un contexto global, prepar\u00e1ndose para\nun futuro lleno de oportunidades acad\u00e9micas.<o:p><\/o:p><\/p>\t\t\t\t\t\t<\/div>\n\t\t\t\t<\/div>\n\t\t\t\t\t<\/div>\n\t\t<\/div>\n\t\t\t\t\t\t\t<\/div>\n\t\t<\/section>\n\t\t\t\t\t\t\t<\/div>\n\t\t","protected":false},"excerpt":{"rendered":"<p>En Aspaen Neiva, creemos que la educaci\u00f3n trasciende las fronteras. Nuestro programa de internacionalizaci\u00f3n ofrece a los estudiantes experiencias globales que fortalecen su dominio del ingl\u00e9s, su conexi\u00f3n con el mundo y su proyecci\u00f3n acad\u00e9mica. Gracias a esto, ocupamos el puesto #1 en el dominio del ingl\u00e9s en el departamento del Huila, seg\u00fan los \u00faltimos [&hellip;]<\/p>\n","protected":false},"author":99,"featured_media":3096,"comment_status":"closed","ping_status":"closed","sticky":false,"template":"","format":"standard","meta":{"footnotes":""},"categories":[8],"tags":[],"yoast_head":"<!-- This site is optimized with the Yoast SEO plugin v21.7 - https:\/\/yoast.com\/wordpress\/plugins\/seo\/ -->\n<title>Un colegio, infinitas oportunidades: Conoce nuestro equipo de internacionalizaci\u00f3n - Aspaen La Fragua<\/title>\n<meta name=\"description\" content=\"Descubre c\u00f3mo el equipo de internacionalizaci\u00f3n de Aspaen impulsa a los estudiantes con certificaciones, inmersiones y doble titulaci\u00f3n.\" \/>\n<meta name=\"robots\" content=\"index, follow, max-snippet:-1, max-image-preview:large, max-video-preview:-1\" \/>\n<link rel=\"canonical\" href=\"https:\/\/aspaen.edu.co\/lafragua\/2025\/03\/21\/colegio-oportunidades-conoce-nuestro-equipo-internacionalizacion\/\" \/>\n<meta property=\"og:locale\" content=\"es_ES\" \/>\n<meta property=\"og:type\" content=\"article\" \/>\n<meta property=\"og:title\" content=\"Un colegio, infinitas oportunidades: Conoce nuestro equipo de internacionalizaci\u00f3n - Aspaen La Fragua\" \/>\n<meta property=\"og:description\" content=\"Descubre c\u00f3mo el equipo de internacionalizaci\u00f3n de Aspaen impulsa a los estudiantes con certificaciones, inmersiones y doble titulaci\u00f3n.\" \/>\n<meta property=\"og:url\" content=\"https:\/\/aspaen.edu.co\/lafragua\/2025\/03\/21\/colegio-oportunidades-conoce-nuestro-equipo-internacionalizacion\/\" \/>\n<meta property=\"og:site_name\" content=\"Aspaen La Fragua\" \/>\n<meta property=\"article:published_time\" content=\"2025-03-21T19:55:55+00:00\" \/>\n<meta property=\"article:modified_time\" content=\"2025-03-21T20:54:29+00:00\" \/>\n<meta property=\"og:image\" content=\"https:\/\/aspaen.edu.co\/lafragua\/wp-content\/uploads\/sites\/37\/2025\/03\/WhatsApp-Image-2025-03-21-at-2.20.31-PM-scaled.jpeg\" \/>\n\t<meta property=\"og:image:width\" content=\"2048\" \/>\n\t<meta property=\"og:image:height\" content=\"1536\" \/>\n\t<meta property=\"og:image:type\" content=\"image\/jpeg\" \/>\n<meta name=\"author\" content=\"lvargas\" \/>\n<meta name=\"twitter:card\" content=\"summary_large_image\" \/>\n<meta name=\"twitter:label1\" content=\"Escrito por\" \/>\n\t<meta name=\"twitter:data1\" content=\"lvargas\" \/>\n\t<meta name=\"twitter:label2\" content=\"Tiempo de lectura\" \/>\n\t<meta name=\"twitter:data2\" content=\"3 minutos\" \/>\n<script type=\"application\/ld+json\" class=\"yoast-schema-graph\">{\"@context\":\"https:\/\/schema.org\",\"@graph\":[{\"@type\":\"Article\",\"@id\":\"https:\/\/aspaen.edu.co\/lafragua\/2025\/03\/21\/colegio-oportunidades-conoce-nuestro-equipo-internacionalizacion\/#article\",\"isPartOf\":{\"@id\":\"https:\/\/aspaen.edu.co\/lafragua\/2025\/03\/21\/colegio-oportunidades-conoce-nuestro-equipo-internacionalizacion\/\"},\"author\":{\"name\":\"lvargas\",\"@id\":\"https:\/\/aspaen.edu.co\/lafragua\/#\/schema\/person\/c755728f482b4eae52d6961e1a3ead04\"},\"headline\":\"Un colegio, infinitas oportunidades: Conoce nuestro equipo de internacionalizaci\u00f3n\",\"datePublished\":\"2025-03-21T19:55:55+00:00\",\"dateModified\":\"2025-03-21T20:54:29+00:00\",\"mainEntityOfPage\":{\"@id\":\"https:\/\/aspaen.edu.co\/lafragua\/2025\/03\/21\/colegio-oportunidades-conoce-nuestro-equipo-internacionalizacion\/\"},\"wordCount\":674,\"publisher\":{\"@id\":\"https:\/\/aspaen.edu.co\/lafragua\/#organization\"},\"articleSection\":[\"Noticias\"],\"inLanguage\":\"es\"},{\"@type\":\"WebPage\",\"@id\":\"https:\/\/aspaen.edu.co\/lafragua\/2025\/03\/21\/colegio-oportunidades-conoce-nuestro-equipo-internacionalizacion\/\",\"url\":\"https:\/\/aspaen.edu.co\/lafragua\/2025\/03\/21\/colegio-oportunidades-conoce-nuestro-equipo-internacionalizacion\/\",\"name\":\"Un colegio, infinitas oportunidades: Conoce nuestro equipo de internacionalizaci\u00f3n - Aspaen La Fragua\",\"isPartOf\":{\"@id\":\"https:\/\/aspaen.edu.co\/lafragua\/#website\"},\"datePublished\":\"2025-03-21T19:55:55+00:00\",\"dateModified\":\"2025-03-21T20:54:29+00:00\",\"description\":\"Descubre c\u00f3mo el equipo de internacionalizaci\u00f3n de Aspaen impulsa a los estudiantes con certificaciones, inmersiones y doble titulaci\u00f3n.\",\"breadcrumb\":{\"@id\":\"https:\/\/aspaen.edu.co\/lafragua\/2025\/03\/21\/colegio-oportunidades-conoce-nuestro-equipo-internacionalizacion\/#breadcrumb\"},\"inLanguage\":\"es\",\"potentialAction\":[{\"@type\":\"ReadAction\",\"target\":[\"https:\/\/aspaen.edu.co\/lafragua\/2025\/03\/21\/colegio-oportunidades-conoce-nuestro-equipo-internacionalizacion\/\"]}]},{\"@type\":\"BreadcrumbList\",\"@id\":\"https:\/\/aspaen.edu.co\/lafragua\/2025\/03\/21\/colegio-oportunidades-conoce-nuestro-equipo-internacionalizacion\/#breadcrumb\",\"itemListElement\":[{\"@type\":\"ListItem\",\"position\":1,\"name\":\"Portada\",\"item\":\"https:\/\/aspaen.edu.co\/lafragua\/\"},{\"@type\":\"ListItem\",\"position\":2,\"name\":\"Un colegio, infinitas oportunidades: Conoce nuestro equipo de internacionalizaci\u00f3n\"}]},{\"@type\":\"WebSite\",\"@id\":\"https:\/\/aspaen.edu.co\/lafragua\/#website\",\"url\":\"https:\/\/aspaen.edu.co\/lafragua\/\",\"name\":\"Aspaen La Fragua\",\"description\":\"Un buen comienzo para un buen futuro\",\"publisher\":{\"@id\":\"https:\/\/aspaen.edu.co\/lafragua\/#organization\"},\"potentialAction\":[{\"@type\":\"SearchAction\",\"target\":{\"@type\":\"EntryPoint\",\"urlTemplate\":\"https:\/\/aspaen.edu.co\/lafragua\/?s={search_term_string}\"},\"query-input\":\"required name=search_term_string\"}],\"inLanguage\":\"es\"},{\"@type\":\"Organization\",\"@id\":\"https:\/\/aspaen.edu.co\/lafragua\/#organization\",\"name\":\"Aspaen La Fragua\",\"url\":\"https:\/\/aspaen.edu.co\/lafragua\/\",\"logo\":{\"@type\":\"ImageObject\",\"inLanguage\":\"es\",\"@id\":\"https:\/\/aspaen.edu.co\/lafragua\/#\/schema\/logo\/image\/\",\"url\":\"https:\/\/aspaen.edu.co\/lafragua\/wp-content\/uploads\/sites\/37\/2020\/06\/logo-lafragua-x70.png\",\"contentUrl\":\"https:\/\/aspaen.edu.co\/lafragua\/wp-content\/uploads\/sites\/37\/2020\/06\/logo-lafragua-x70.png\",\"width\":292,\"height\":70,\"caption\":\"Aspaen La Fragua\"},\"image\":{\"@id\":\"https:\/\/aspaen.edu.co\/lafragua\/#\/schema\/logo\/image\/\"}},{\"@type\":\"Person\",\"@id\":\"https:\/\/aspaen.edu.co\/lafragua\/#\/schema\/person\/c755728f482b4eae52d6961e1a3ead04\",\"name\":\"lvargas\",\"image\":{\"@type\":\"ImageObject\",\"inLanguage\":\"es\",\"@id\":\"https:\/\/aspaen.edu.co\/lafragua\/#\/schema\/person\/image\/\",\"url\":\"https:\/\/secure.gravatar.com\/avatar\/1fab91a07461983b4ef9b95f9e817fa2?s=96&d=mm&r=g\",\"contentUrl\":\"https:\/\/secure.gravatar.com\/avatar\/1fab91a07461983b4ef9b95f9e817fa2?s=96&d=mm&r=g\",\"caption\":\"lvargas\"},\"url\":\"https:\/\/aspaen.edu.co\/lafragua\/author\/lvargas\/\"}]}<\/script>\n<!-- \/ Yoast SEO plugin. -->","yoast_head_json":{"title":"Un colegio, infinitas oportunidades: Conoce nuestro equipo de internacionalizaci\u00f3n - Aspaen La Fragua","description":"Descubre c\u00f3mo el equipo de internacionalizaci\u00f3n de Aspaen impulsa a los estudiantes con certificaciones, inmersiones y doble titulaci\u00f3n.","robots":{"index":"index","follow":"follow","max-snippet":"max-snippet:-1","max-image-preview":"max-image-preview:large","max-video-preview":"max-video-preview:-1"},"canonical":"https:\/\/aspaen.edu.co\/lafragua\/2025\/03\/21\/colegio-oportunidades-conoce-nuestro-equipo-internacionalizacion\/","og_locale":"es_ES","og_type":"article","og_title":"Un colegio, infinitas oportunidades: Conoce nuestro equipo de internacionalizaci\u00f3n - Aspaen La Fragua","og_description":"Descubre c\u00f3mo el equipo de internacionalizaci\u00f3n de Aspaen impulsa a los estudiantes con certificaciones, inmersiones y doble titulaci\u00f3n.","og_url":"https:\/\/aspaen.edu.co\/lafragua\/2025\/03\/21\/colegio-oportunidades-conoce-nuestro-equipo-internacionalizacion\/","og_site_name":"Aspaen La Fragua","article_published_time":"2025-03-21T19:55:55+00:00","article_modified_time":"2025-03-21T20:54:29+00:00","og_image":[{"width":2048,"height":1536,"url":"https:\/\/aspaen.edu.co\/lafragua\/wp-content\/uploads\/sites\/37\/2025\/03\/WhatsApp-Image-2025-03-21-at-2.20.31-PM-scaled.jpeg","type":"image\/jpeg"}],"author":"lvargas","twitter_card":"summary_large_image","twitter_misc":{"Escrito por":"lvargas","Tiempo de lectura":"3 minutos"},"schema":{"@context":"https:\/\/schema.org","@graph":[{"@type":"Article","@id":"https:\/\/aspaen.edu.co\/lafragua\/2025\/03\/21\/colegio-oportunidades-conoce-nuestro-equipo-internacionalizacion\/#article","isPartOf":{"@id":"https:\/\/aspaen.edu.co\/lafragua\/2025\/03\/21\/colegio-oportunidades-conoce-nuestro-equipo-internacionalizacion\/"},"author":{"name":"lvargas","@id":"https:\/\/aspaen.edu.co\/lafragua\/#\/schema\/person\/c755728f482b4eae52d6961e1a3ead04"},"headline":"Un colegio, infinitas oportunidades: Conoce nuestro equipo de internacionalizaci\u00f3n","datePublished":"2025-03-21T19:55:55+00:00","dateModified":"2025-03-21T20:54:29+00:00","mainEntityOfPage":{"@id":"https:\/\/aspaen.edu.co\/lafragua\/2025\/03\/21\/colegio-oportunidades-conoce-nuestro-equipo-internacionalizacion\/"},"wordCount":674,"publisher":{"@id":"https:\/\/aspaen.edu.co\/lafragua\/#organization"},"articleSection":["Noticias"],"inLanguage":"es"},{"@type":"WebPage","@id":"https:\/\/aspaen.edu.co\/lafragua\/2025\/03\/21\/colegio-oportunidades-conoce-nuestro-equipo-internacionalizacion\/","url":"https:\/\/aspaen.edu.co\/lafragua\/2025\/03\/21\/colegio-oportunidades-conoce-nuestro-equipo-internacionalizacion\/","name":"Un colegio, infinitas oportunidades: Conoce nuestro equipo de internacionalizaci\u00f3n - Aspaen La Fragua","isPartOf":{"@id":"https:\/\/aspaen.edu.co\/lafragua\/#website"},"datePublished":"2025-03-21T19:55:55+00:00","dateModified":"2025-03-21T20:54:29+00:00","description":"Descubre c\u00f3mo el equipo de internacionalizaci\u00f3n de Aspaen impulsa a los estudiantes con certificaciones, inmersiones y doble titulaci\u00f3n.","breadcrumb":{"@id":"https:\/\/aspaen.edu.co\/lafragua\/2025\/03\/21\/colegio-oportunidades-conoce-nuestro-equipo-internacionalizacion\/#breadcrumb"},"inLanguage":"es","potentialAction":[{"@type":"ReadAction","target":["https:\/\/aspaen.edu.co\/lafragua\/2025\/03\/21\/colegio-oportunidades-conoce-nuestro-equipo-internacionalizacion\/"]}]},{"@type":"BreadcrumbList","@id":"https:\/\/aspaen.edu.co\/lafragua\/2025\/03\/21\/colegio-oportunidades-conoce-nuestro-equipo-internacionalizacion\/#breadcrumb","itemListElement":[{"@type":"ListItem","position":1,"name":"Portada","item":"https:\/\/aspaen.edu.co\/lafragua\/"},{"@type":"ListItem","position":2,"name":"Un colegio, infinitas oportunidades: Conoce nuestro equipo de internacionalizaci\u00f3n"}]},{"@type":"WebSite","@id":"https:\/\/aspaen.edu.co\/lafragua\/#website","url":"https:\/\/aspaen.edu.co\/lafragua\/","name":"Aspaen La Fragua","description":"Un buen comienzo para un buen futuro","publisher":{"@id":"https:\/\/aspaen.edu.co\/lafragua\/#organization"},"potentialAction":[{"@type":"SearchAction","target":{"@type":"EntryPoint","urlTemplate":"https:\/\/aspaen.edu.co\/lafragua\/?s={search_term_string}"},"query-input":"required name=search_term_string"}],"inLanguage":"es"},{"@type":"Organization","@id":"https:\/\/aspaen.edu.co\/lafragua\/#organization","name":"Aspaen La Fragua","url":"https:\/\/aspaen.edu.co\/lafragua\/","logo":{"@type":"ImageObject","inLanguage":"es","@id":"https:\/\/aspaen.edu.co\/lafragua\/#\/schema\/logo\/image\/","url":"https:\/\/aspaen.edu.co\/lafragua\/wp-content\/uploads\/sites\/37\/2020\/06\/logo-lafragua-x70.png","contentUrl":"https:\/\/aspaen.edu.co\/lafragua\/wp-content\/uploads\/sites\/37\/2020\/06\/logo-lafragua-x70.png","width":292,"height":70,"caption":"Aspaen La Fragua"},"image":{"@id":"https:\/\/aspaen.edu.co\/lafragua\/#\/schema\/logo\/image\/"}},{"@type":"Person","@id":"https:\/\/aspaen.edu.co\/lafragua\/#\/schema\/person\/c755728f482b4eae52d6961e1a3ead04","name":"lvargas","image":{"@type":"ImageObject","inLanguage":"es","@id":"https:\/\/aspaen.edu.co\/lafragua\/#\/schema\/person\/image\/","url":"https:\/\/secure.gravatar.com\/avatar\/1fab91a07461983b4ef9b95f9e817fa2?s=96&d=mm&r=g","contentUrl":"https:\/\/secure.gravatar.com\/avatar\/1fab91a07461983b4ef9b95f9e817fa2?s=96&d=mm&r=g","caption":"lvargas"},"url":"https:\/\/aspaen.edu.co\/lafragua\/author\/lvargas\/"}]}},"_links":{"self":[{"href":"https:\/\/aspaen.edu.co\/lafragua\/wp-json\/wp\/v2\/posts\/3095"}],"collection":[{"href":"https:\/\/aspaen.edu.co\/lafragua\/wp-json\/wp\/v2\/posts"}],"about":[{"href":"https:\/\/aspaen.edu.co\/lafragua\/wp-json\/wp\/v2\/types\/post"}],"author":[{"embeddable":true,"href":"https:\/\/aspaen.edu.co\/lafragua\/wp-json\/wp\/v2\/users\/99"}],"replies":[{"embeddable":true,"href":"https:\/\/aspaen.edu.co\/lafragua\/wp-json\/wp\/v2\/comments?post=3095"}],"version-history":[{"count":19,"href":"https:\/\/aspaen.edu.co\/lafragua\/wp-json\/wp\/v2\/posts\/3095\/revisions"}],"predecessor-version":[{"id":3128,"href":"https:\/\/aspaen.edu.co\/lafragua\/wp-json\/wp\/v2\/posts\/3095\/revisions\/3128"}],"wp:featuredmedia":[{"embeddable":true,"href":"https:\/\/aspaen.edu.co\/lafragua\/wp-json\/wp\/v2\/media\/3096"}],"wp:attachment":[{"href":"https:\/\/aspaen.edu.co\/lafragua\/wp-json\/wp\/v2\/media?parent=3095"}],"wp:term":[{"taxonomy":"category","embeddable":true,"href":"https:\/\/aspaen.edu.co\/lafragua\/wp-json\/wp\/v2\/categories?post=3095"},{"taxonomy":"post_tag","embeddable":true,"href":"https:\/\/aspaen.edu.co\/lafragua\/wp-json\/wp\/v2\/tags?post=3095"}],"curies":[{"name":"wp","href":"https:\/\/api.w.org\/{rel}","templated":true}]}}