{"id":2365,"date":"2020-09-04T16:44:07","date_gmt":"2020-09-04T16:44:07","guid":{"rendered":"https:\/\/aspaen.edu.co\/lafragua\/?p=2365"},"modified":"2020-09-07T05:00:45","modified_gmt":"2020-09-07T05:00:45","slug":"consejos-para-definir-tu-proyecto-de-vida","status":"publish","type":"post","link":"https:\/\/aspaen.edu.co\/lafragua\/2020\/09\/04\/consejos-para-definir-tu-proyecto-de-vida\/","title":{"rendered":"Estrategias para elegir carrera"},"content":{"rendered":"\n<figure class=\"wp-block-gallery columns-1 is-cropped wp-block-gallery-1 is-layout-flex wp-block-gallery-is-layout-flex\"><ul class=\"blocks-gallery-grid\"><li class=\"blocks-gallery-item\"><figure><img fetchpriority=\"high\" decoding=\"async\" width=\"1024\" height=\"682\" src=\"https:\/\/aspaen.edu.co\/lafragua\/wp-content\/uploads\/sites\/37\/2020\/09\/Orientacion-profesional-4-sep-1024x682.png\" alt=\"\" data-id=\"2366\" data-full-url=\"https:\/\/aspaen.edu.co\/lafragua\/wp-content\/uploads\/sites\/37\/2020\/09\/Orientacion-profesional-4-sep.png\" data-link=\"https:\/\/aspaen.edu.co\/lafragua\/?attachment_id=2366\" class=\"wp-image-2366\" srcset=\"https:\/\/aspaen.edu.co\/lafragua\/wp-content\/uploads\/sites\/37\/2020\/09\/Orientacion-profesional-4-sep-1024x682.png 1024w, https:\/\/aspaen.edu.co\/lafragua\/wp-content\/uploads\/sites\/37\/2020\/09\/Orientacion-profesional-4-sep-300x200.png 300w, https:\/\/aspaen.edu.co\/lafragua\/wp-content\/uploads\/sites\/37\/2020\/09\/Orientacion-profesional-4-sep-768x511.png 768w, https:\/\/aspaen.edu.co\/lafragua\/wp-content\/uploads\/sites\/37\/2020\/09\/Orientacion-profesional-4-sep-391x260.png 391w, https:\/\/aspaen.edu.co\/lafragua\/wp-content\/uploads\/sites\/37\/2020\/09\/Orientacion-profesional-4-sep-1536x1023.png 1536w, https:\/\/aspaen.edu.co\/lafragua\/wp-content\/uploads\/sites\/37\/2020\/09\/Orientacion-profesional-4-sep.png 2000w\" sizes=\"(max-width: 1024px) 100vw, 1024px\" \/><\/figure><\/li><\/ul><\/figure>\n\n\n\n<p>Tomar una decisi\u00f3n siempre ha sido un proceso que debe tener mucha responsabilidad, en especial, cuando se trata de elegir algo tan importante como la profesi\u00f3n u ocupaci\u00f3n, ya que es un momento determinante que viene cargado de mucha incertidumbre y emociones.<\/p>\n\n\n\n<p>Bien lo dicen los expertos, que elegir una carrera u ocupaci\u00f3n es mucho m\u00e1s que decidir lo que se quiere estudiar o hacer, por eso debe estar acompa\u00f1ada de la identificaci\u00f3n de aspectos como la personalidad, los gustos, intereses, entorno y realidad.<\/p>\n\n\n\n<p>Precisamente en Aspaen Neiva se viene ejecutando desde hace varios a\u00f1os un proyecto de orientaci\u00f3n vocacional y profesional, denominado: \u201cConstruyendo caminos para mi futuro\u201d, que inicia con los estudiantes de grado noveno y finaliza en el grado 11.<\/p>\n\n\n\n<p>\u201cEl proyecto es un punto de partida para identificar la vocaci\u00f3n que forjar\u00e1 el proyecto de vida de nuestros estudiantes. Iniciamos en grado 9 <strong>orientaci\u00f3n vocacional<\/strong> con un proceso de auto conocimiento; en grado 10 se trabaja el <strong>proyecto de vida<\/strong>, es decir, las metas, la misi\u00f3n y la visi\u00f3n; adem\u00e1s, se aplica la prueba de orientaci\u00f3n profesional; en grado 11 se realiza el acompa\u00f1amiento de <strong>orientaci\u00f3n profesional,<\/strong> elecci\u00f3n y selecci\u00f3n de universidad, carrera u ocupaci\u00f3n por desarrollar\u201d, indicaron los psic\u00f3logos de Aspaen Neiva.<\/p>\n\n\n\n<p>Falta muy poco para que un grupo de estudiantes terminen su bachillerato, por eso les compartimos las siguientes estrategias que apoyar\u00e1n su elecci\u00f3n de profesi\u00f3n u ocupaci\u00f3n.&nbsp;<\/p>\n\n\n\n<ol type=\"1\"><li>Auto conocimiento, puntos fuertes y d\u00e9biles.<\/li><li>Escribir varias opciones sobre el proyecto de vida e ir descartando de acuerdo a tus afinidades.<\/li><li>Ya con tu lista de posibles carreras en la mano, puedes empezar a valorarlas una por una. Puedes quedarte con las 2 o 3 que m\u00e1s te convencen, y luego investigar d\u00f3nde es mejor estudiarlas y su plan de estudios.<\/li><li>Escuchar las historias de vida de profesionales de las carreras que te gustan y tener la posibilidad de preguntar para aclarar tus inquietudes.<\/li><li>Investigar el mercado laboral y averiguar m\u00e1s sobre la carrera.<\/li><li>Elegir y ser responsable.<\/li><\/ol>\n\n\n\n<p><\/p>\n\n\n\n<p><\/p>\n\n\n\n<p>\u201c<\/p>\n\n\n\n<p><\/p>\n\n\n\n<p><\/p>\n","protected":false},"excerpt":{"rendered":"<p>Tomar una decisi\u00f3n siempre ha sido un proceso que debe tener mucha responsabilidad, en especial, cuando se trata de elegir algo tan importante como la profesi\u00f3n u ocupaci\u00f3n, ya que es un momento determinante que viene cargado de mucha incertidumbre y emociones. Bien lo dicen los expertos, que elegir una carrera u ocupaci\u00f3n es mucho [&hellip;]<\/p>\n","protected":false},"author":2,"featured_media":2368,"comment_status":"closed","ping_status":"closed","sticky":false,"template":"","format":"standard","meta":{"footnotes":""},"categories":[1],"tags":[],"yoast_head":"<!-- This site is optimized with the Yoast SEO plugin v21.7 - https:\/\/yoast.com\/wordpress\/plugins\/seo\/ -->\n<title>Estrategias para elegir carrera - Aspaen La Fragua<\/title>\n<meta name=\"robots\" content=\"index, follow, max-snippet:-1, max-image-preview:large, max-video-preview:-1\" \/>\n<link rel=\"canonical\" href=\"https:\/\/aspaen.edu.co\/lafragua\/2020\/09\/04\/consejos-para-definir-tu-proyecto-de-vida\/\" \/>\n<meta property=\"og:locale\" content=\"es_ES\" \/>\n<meta property=\"og:type\" content=\"article\" \/>\n<meta property=\"og:title\" content=\"Estrategias para elegir carrera - Aspaen La Fragua\" \/>\n<meta property=\"og:description\" content=\"Tomar una decisi\u00f3n siempre ha sido un proceso que debe tener mucha responsabilidad, en especial, cuando se trata de elegir algo tan importante como la profesi\u00f3n u ocupaci\u00f3n, ya que es un momento determinante que viene cargado de mucha incertidumbre y emociones. Bien lo dicen los expertos, que elegir una carrera u ocupaci\u00f3n es mucho [&hellip;]\" \/>\n<meta property=\"og:url\" content=\"https:\/\/aspaen.edu.co\/lafragua\/2020\/09\/04\/consejos-para-definir-tu-proyecto-de-vida\/\" \/>\n<meta property=\"og:site_name\" content=\"Aspaen La Fragua\" \/>\n<meta property=\"article:published_time\" content=\"2020-09-04T16:44:07+00:00\" \/>\n<meta property=\"article:modified_time\" content=\"2020-09-07T05:00:45+00:00\" \/>\n<meta property=\"og:image\" content=\"https:\/\/aspaen.edu.co\/lafragua\/wp-content\/uploads\/sites\/37\/2020\/09\/Orientacion-profesional-4-sep-copia-2-1024x1024.png\" \/>\n\t<meta property=\"og:image:width\" content=\"1024\" \/>\n\t<meta property=\"og:image:height\" content=\"1024\" \/>\n\t<meta property=\"og:image:type\" content=\"image\/png\" \/>\n<meta name=\"author\" content=\"aspaen\" \/>\n<meta name=\"twitter:card\" content=\"summary_large_image\" \/>\n<meta name=\"twitter:label1\" content=\"Escrito por\" \/>\n\t<meta name=\"twitter:data1\" content=\"aspaen\" \/>\n\t<meta name=\"twitter:label2\" content=\"Tiempo de lectura\" \/>\n\t<meta name=\"twitter:data2\" content=\"2 minutos\" \/>\n<script type=\"application\/ld+json\" class=\"yoast-schema-graph\">{\"@context\":\"https:\/\/schema.org\",\"@graph\":[{\"@type\":\"Article\",\"@id\":\"https:\/\/aspaen.edu.co\/lafragua\/2020\/09\/04\/consejos-para-definir-tu-proyecto-de-vida\/#article\",\"isPartOf\":{\"@id\":\"https:\/\/aspaen.edu.co\/lafragua\/2020\/09\/04\/consejos-para-definir-tu-proyecto-de-vida\/\"},\"author\":{\"name\":\"aspaen\",\"@id\":\"https:\/\/aspaen.edu.co\/lafragua\/#\/schema\/person\/ac4a0471eced8467e15621939e4cc247\"},\"headline\":\"Estrategias para elegir carrera\",\"datePublished\":\"2020-09-04T16:44:07+00:00\",\"dateModified\":\"2020-09-07T05:00:45+00:00\",\"mainEntityOfPage\":{\"@id\":\"https:\/\/aspaen.edu.co\/lafragua\/2020\/09\/04\/consejos-para-definir-tu-proyecto-de-vida\/\"},\"wordCount\":360,\"publisher\":{\"@id\":\"https:\/\/aspaen.edu.co\/lafragua\/#organization\"},\"inLanguage\":\"es\"},{\"@type\":\"WebPage\",\"@id\":\"https:\/\/aspaen.edu.co\/lafragua\/2020\/09\/04\/consejos-para-definir-tu-proyecto-de-vida\/\",\"url\":\"https:\/\/aspaen.edu.co\/lafragua\/2020\/09\/04\/consejos-para-definir-tu-proyecto-de-vida\/\",\"name\":\"Estrategias para elegir carrera - Aspaen La Fragua\",\"isPartOf\":{\"@id\":\"https:\/\/aspaen.edu.co\/lafragua\/#website\"},\"datePublished\":\"2020-09-04T16:44:07+00:00\",\"dateModified\":\"2020-09-07T05:00:45+00:00\",\"breadcrumb\":{\"@id\":\"https:\/\/aspaen.edu.co\/lafragua\/2020\/09\/04\/consejos-para-definir-tu-proyecto-de-vida\/#breadcrumb\"},\"inLanguage\":\"es\",\"potentialAction\":[{\"@type\":\"ReadAction\",\"target\":[\"https:\/\/aspaen.edu.co\/lafragua\/2020\/09\/04\/consejos-para-definir-tu-proyecto-de-vida\/\"]}]},{\"@type\":\"BreadcrumbList\",\"@id\":\"https:\/\/aspaen.edu.co\/lafragua\/2020\/09\/04\/consejos-para-definir-tu-proyecto-de-vida\/#breadcrumb\",\"itemListElement\":[{\"@type\":\"ListItem\",\"position\":1,\"name\":\"Portada\",\"item\":\"https:\/\/aspaen.edu.co\/lafragua\/\"},{\"@type\":\"ListItem\",\"position\":2,\"name\":\"Estrategias para elegir carrera\"}]},{\"@type\":\"WebSite\",\"@id\":\"https:\/\/aspaen.edu.co\/lafragua\/#website\",\"url\":\"https:\/\/aspaen.edu.co\/lafragua\/\",\"name\":\"Aspaen La Fragua\",\"description\":\"Un buen comienzo para un buen futuro\",\"publisher\":{\"@id\":\"https:\/\/aspaen.edu.co\/lafragua\/#organization\"},\"potentialAction\":[{\"@type\":\"SearchAction\",\"target\":{\"@type\":\"EntryPoint\",\"urlTemplate\":\"https:\/\/aspaen.edu.co\/lafragua\/?s={search_term_string}\"},\"query-input\":\"required name=search_term_string\"}],\"inLanguage\":\"es\"},{\"@type\":\"Organization\",\"@id\":\"https:\/\/aspaen.edu.co\/lafragua\/#organization\",\"name\":\"Aspaen La Fragua\",\"url\":\"https:\/\/aspaen.edu.co\/lafragua\/\",\"logo\":{\"@type\":\"ImageObject\",\"inLanguage\":\"es\",\"@id\":\"https:\/\/aspaen.edu.co\/lafragua\/#\/schema\/logo\/image\/\",\"url\":\"https:\/\/aspaen.edu.co\/lafragua\/wp-content\/uploads\/sites\/37\/2020\/06\/logo-lafragua-x70.png\",\"contentUrl\":\"https:\/\/aspaen.edu.co\/lafragua\/wp-content\/uploads\/sites\/37\/2020\/06\/logo-lafragua-x70.png\",\"width\":292,\"height\":70,\"caption\":\"Aspaen La Fragua\"},\"image\":{\"@id\":\"https:\/\/aspaen.edu.co\/lafragua\/#\/schema\/logo\/image\/\"}},{\"@type\":\"Person\",\"@id\":\"https:\/\/aspaen.edu.co\/lafragua\/#\/schema\/person\/ac4a0471eced8467e15621939e4cc247\",\"name\":\"aspaen\",\"image\":{\"@type\":\"ImageObject\",\"inLanguage\":\"es\",\"@id\":\"https:\/\/aspaen.edu.co\/lafragua\/#\/schema\/person\/image\/\",\"url\":\"https:\/\/secure.gravatar.com\/avatar\/409832325222a1ed60d7e596e3292bc6?s=96&d=mm&r=g\",\"contentUrl\":\"https:\/\/secure.gravatar.com\/avatar\/409832325222a1ed60d7e596e3292bc6?s=96&d=mm&r=g\",\"caption\":\"aspaen\"},\"url\":\"https:\/\/aspaen.edu.co\/lafragua\/author\/aspaen\/\"}]}<\/script>\n<!-- \/ Yoast SEO plugin. -->","yoast_head_json":{"title":"Estrategias para elegir carrera - Aspaen La Fragua","robots":{"index":"index","follow":"follow","max-snippet":"max-snippet:-1","max-image-preview":"max-image-preview:large","max-video-preview":"max-video-preview:-1"},"canonical":"https:\/\/aspaen.edu.co\/lafragua\/2020\/09\/04\/consejos-para-definir-tu-proyecto-de-vida\/","og_locale":"es_ES","og_type":"article","og_title":"Estrategias para elegir carrera - Aspaen La Fragua","og_description":"Tomar una decisi\u00f3n siempre ha sido un proceso que debe tener mucha responsabilidad, en especial, cuando se trata de elegir algo tan importante como la profesi\u00f3n u ocupaci\u00f3n, ya que es un momento determinante que viene cargado de mucha incertidumbre y emociones. Bien lo dicen los expertos, que elegir una carrera u ocupaci\u00f3n es mucho [&hellip;]","og_url":"https:\/\/aspaen.edu.co\/lafragua\/2020\/09\/04\/consejos-para-definir-tu-proyecto-de-vida\/","og_site_name":"Aspaen La Fragua","article_published_time":"2020-09-04T16:44:07+00:00","article_modified_time":"2020-09-07T05:00:45+00:00","og_image":[{"width":1024,"height":1024,"url":"https:\/\/aspaen.edu.co\/lafragua\/wp-content\/uploads\/sites\/37\/2020\/09\/Orientacion-profesional-4-sep-copia-2-1024x1024.png","type":"image\/png"}],"author":"aspaen","twitter_card":"summary_large_image","twitter_misc":{"Escrito por":"aspaen","Tiempo de lectura":"2 minutos"},"schema":{"@context":"https:\/\/schema.org","@graph":[{"@type":"Article","@id":"https:\/\/aspaen.edu.co\/lafragua\/2020\/09\/04\/consejos-para-definir-tu-proyecto-de-vida\/#article","isPartOf":{"@id":"https:\/\/aspaen.edu.co\/lafragua\/2020\/09\/04\/consejos-para-definir-tu-proyecto-de-vida\/"},"author":{"name":"aspaen","@id":"https:\/\/aspaen.edu.co\/lafragua\/#\/schema\/person\/ac4a0471eced8467e15621939e4cc247"},"headline":"Estrategias para elegir carrera","datePublished":"2020-09-04T16:44:07+00:00","dateModified":"2020-09-07T05:00:45+00:00","mainEntityOfPage":{"@id":"https:\/\/aspaen.edu.co\/lafragua\/2020\/09\/04\/consejos-para-definir-tu-proyecto-de-vida\/"},"wordCount":360,"publisher":{"@id":"https:\/\/aspaen.edu.co\/lafragua\/#organization"},"inLanguage":"es"},{"@type":"WebPage","@id":"https:\/\/aspaen.edu.co\/lafragua\/2020\/09\/04\/consejos-para-definir-tu-proyecto-de-vida\/","url":"https:\/\/aspaen.edu.co\/lafragua\/2020\/09\/04\/consejos-para-definir-tu-proyecto-de-vida\/","name":"Estrategias para elegir carrera - Aspaen La Fragua","isPartOf":{"@id":"https:\/\/aspaen.edu.co\/lafragua\/#website"},"datePublished":"2020-09-04T16:44:07+00:00","dateModified":"2020-09-07T05:00:45+00:00","breadcrumb":{"@id":"https:\/\/aspaen.edu.co\/lafragua\/2020\/09\/04\/consejos-para-definir-tu-proyecto-de-vida\/#breadcrumb"},"inLanguage":"es","potentialAction":[{"@type":"ReadAction","target":["https:\/\/aspaen.edu.co\/lafragua\/2020\/09\/04\/consejos-para-definir-tu-proyecto-de-vida\/"]}]},{"@type":"BreadcrumbList","@id":"https:\/\/aspaen.edu.co\/lafragua\/2020\/09\/04\/consejos-para-definir-tu-proyecto-de-vida\/#breadcrumb","itemListElement":[{"@type":"ListItem","position":1,"name":"Portada","item":"https:\/\/aspaen.edu.co\/lafragua\/"},{"@type":"ListItem","position":2,"name":"Estrategias para elegir carrera"}]},{"@type":"WebSite","@id":"https:\/\/aspaen.edu.co\/lafragua\/#website","url":"https:\/\/aspaen.edu.co\/lafragua\/","name":"Aspaen La Fragua","description":"Un buen comienzo para un buen futuro","publisher":{"@id":"https:\/\/aspaen.edu.co\/lafragua\/#organization"},"potentialAction":[{"@type":"SearchAction","target":{"@type":"EntryPoint","urlTemplate":"https:\/\/aspaen.edu.co\/lafragua\/?s={search_term_string}"},"query-input":"required name=search_term_string"}],"inLanguage":"es"},{"@type":"Organization","@id":"https:\/\/aspaen.edu.co\/lafragua\/#organization","name":"Aspaen La Fragua","url":"https:\/\/aspaen.edu.co\/lafragua\/","logo":{"@type":"ImageObject","inLanguage":"es","@id":"https:\/\/aspaen.edu.co\/lafragua\/#\/schema\/logo\/image\/","url":"https:\/\/aspaen.edu.co\/lafragua\/wp-content\/uploads\/sites\/37\/2020\/06\/logo-lafragua-x70.png","contentUrl":"https:\/\/aspaen.edu.co\/lafragua\/wp-content\/uploads\/sites\/37\/2020\/06\/logo-lafragua-x70.png","width":292,"height":70,"caption":"Aspaen La Fragua"},"image":{"@id":"https:\/\/aspaen.edu.co\/lafragua\/#\/schema\/logo\/image\/"}},{"@type":"Person","@id":"https:\/\/aspaen.edu.co\/lafragua\/#\/schema\/person\/ac4a0471eced8467e15621939e4cc247","name":"aspaen","image":{"@type":"ImageObject","inLanguage":"es","@id":"https:\/\/aspaen.edu.co\/lafragua\/#\/schema\/person\/image\/","url":"https:\/\/secure.gravatar.com\/avatar\/409832325222a1ed60d7e596e3292bc6?s=96&d=mm&r=g","contentUrl":"https:\/\/secure.gravatar.com\/avatar\/409832325222a1ed60d7e596e3292bc6?s=96&d=mm&r=g","caption":"aspaen"},"url":"https:\/\/aspaen.edu.co\/lafragua\/author\/aspaen\/"}]}},"_links":{"self":[{"href":"https:\/\/aspaen.edu.co\/lafragua\/wp-json\/wp\/v2\/posts\/2365"}],"collection":[{"href":"https:\/\/aspaen.edu.co\/lafragua\/wp-json\/wp\/v2\/posts"}],"about":[{"href":"https:\/\/aspaen.edu.co\/lafragua\/wp-json\/wp\/v2\/types\/post"}],"author":[{"embeddable":true,"href":"https:\/\/aspaen.edu.co\/lafragua\/wp-json\/wp\/v2\/users\/2"}],"replies":[{"embeddable":true,"href":"https:\/\/aspaen.edu.co\/lafragua\/wp-json\/wp\/v2\/comments?post=2365"}],"version-history":[{"count":0,"href":"https:\/\/aspaen.edu.co\/lafragua\/wp-json\/wp\/v2\/posts\/2365\/revisions"}],"wp:featuredmedia":[{"embeddable":true,"href":"https:\/\/aspaen.edu.co\/lafragua\/wp-json\/wp\/v2\/media\/2368"}],"wp:attachment":[{"href":"https:\/\/aspaen.edu.co\/lafragua\/wp-json\/wp\/v2\/media?parent=2365"}],"wp:term":[{"taxonomy":"category","embeddable":true,"href":"https:\/\/aspaen.edu.co\/lafragua\/wp-json\/wp\/v2\/categories?post=2365"},{"taxonomy":"post_tag","embeddable":true,"href":"https:\/\/aspaen.edu.co\/lafragua\/wp-json\/wp\/v2\/tags?post=2365"}],"curies":[{"name":"wp","href":"https:\/\/api.w.org\/{rel}","templated":true}]}}