{"id":2331,"date":"2021-08-11T16:16:20","date_gmt":"2021-08-11T16:16:20","guid":{"rendered":"https:\/\/aspaen.edu.co\/gimnasiocartagena\/?p=2331"},"modified":"2021-08-11T16:16:22","modified_gmt":"2021-08-11T16:16:22","slug":"regreso-a-clases-2020-2021","status":"publish","type":"post","link":"https:\/\/aspaen.edu.co\/gimnasiocartagena\/2021\/08\/11\/regreso-a-clases-2020-2021\/","title":{"rendered":"Regreso a clases 2020-2021"},"content":{"rendered":"\n<figure class=\"wp-block-image size-large\"><img fetchpriority=\"high\" decoding=\"async\" width=\"1024\" height=\"683\" src=\"https:\/\/aspaen.edu.co\/gimnasiocartagena\/wp-content\/uploads\/sites\/28\/2021\/08\/DSC_0312-1-1024x683.jpg\" alt=\"\" class=\"wp-image-2333\" srcset=\"https:\/\/aspaen.edu.co\/gimnasiocartagena\/wp-content\/uploads\/sites\/28\/2021\/08\/DSC_0312-1-1024x683.jpg 1024w, https:\/\/aspaen.edu.co\/gimnasiocartagena\/wp-content\/uploads\/sites\/28\/2021\/08\/DSC_0312-1-300x200.jpg 300w, https:\/\/aspaen.edu.co\/gimnasiocartagena\/wp-content\/uploads\/sites\/28\/2021\/08\/DSC_0312-1-768x512.jpg 768w, https:\/\/aspaen.edu.co\/gimnasiocartagena\/wp-content\/uploads\/sites\/28\/2021\/08\/DSC_0312-1-391x260.jpg 391w, https:\/\/aspaen.edu.co\/gimnasiocartagena\/wp-content\/uploads\/sites\/28\/2021\/08\/DSC_0312-1-1536x1024.jpg 1536w, https:\/\/aspaen.edu.co\/gimnasiocartagena\/wp-content\/uploads\/sites\/28\/2021\/08\/DSC_0312-1-2048x1365.jpg 2048w\" sizes=\"(max-width: 1024px) 100vw, 1024px\" \/><\/figure>\n\n\n\n<p>En los colegios&nbsp;Aspaen&nbsp;Cartagena estamos emocionados por el regreso a clases presenciales de nuestros queridos&nbsp;estudiantes&nbsp;que a comparaci\u00f3n del periodo pasado el n\u00famero&nbsp;de estudiantes&nbsp;creci\u00f3 en la modalidad presencial, no dejando a un lado a los&nbsp;que siguen en la modalidad virtual. Como&nbsp;instituci\u00f3n educativa velamos por el&nbsp;bienestar y la comodidad de nuestros estudiantes, respetando siempre la toma de decisiones por parte de los padres de familia.&nbsp;&nbsp;<\/p>\n\n\n\n<p>Este 10 de agosto le dimos la bienvenida a nuestros estudiantes con la mejor&nbsp;disposici\u00f3n&nbsp;y&nbsp;cari\u00f1o&nbsp;para seguir&nbsp;acompa\u00f1\u00e1ndolos&nbsp;en conjunto con su familia en&nbsp;la&nbsp;formaci\u00f3n&nbsp;de&nbsp;ni\u00f1os&nbsp;y j\u00f3venes&nbsp;ejemplares para la sociedad.&nbsp;&nbsp;&nbsp;<\/p>\n\n\n\n<p>Con los nuevos protocolos de&nbsp;bioseguridad le&nbsp;brindamos a sus hijos la confianza de asistir a nuestras&nbsp;amplias instalaciones&nbsp;tanto en sus zonas verdes como en las aulas de&nbsp;clase,&nbsp;&nbsp;teniendo presente el autocuidado y el uso correcto de tapabocas y&nbsp;dem\u00e1s&nbsp;implementos que&nbsp;nos ayudan a tener un entorno apto&nbsp;y&nbsp;sano.&nbsp;&nbsp;<\/p>\n\n\n\n<p>Pensando tambi\u00e9n en el aprendizaje de los que&nbsp;est\u00e1n&nbsp;en&nbsp;Aspaen&nbsp;at home implementamos nuevas&nbsp;tecnolog\u00edas&nbsp;que facilitan&nbsp;su ense\u00f1anza, se&nbsp;instalaron c\u00e1maras&nbsp;a\u00e9reas para la transmisi\u00f3n de la clase, que enfocan al profesor y se mueven con un sensor para que la experiencia de quienes a\u00fan permanecen en la casa sea lo m\u00e1s similar a la presencial. Tambi\u00e9n cuentan con c\u00e1maras de toma de temperatura e identificaci\u00f3n de la persona con el correcto uso del tapabocas.&nbsp;<\/p>\n\n\n\n<p>Aspaen&nbsp;contin\u00faa construyendo y evolucionando para descubrir, en equipo con las familias, los talentos de sus estudiantes y potenciando su singularidad a trav\u00e9s de la educaci\u00f3n personalizada.&nbsp;<\/p>\n","protected":false},"excerpt":{"rendered":"<p>En Aspaen Cartegena le damos la bienvenida a nuestros estudiantes al regreso a clases 2020-2021 a\u00f1o de la familia. <\/p>\n","protected":false},"author":2,"featured_media":2333,"comment_status":"closed","ping_status":"closed","sticky":false,"template":"","format":"standard","meta":{"footnotes":""},"categories":[12,20,14,8],"tags":[26,29,25,28,30,24,27],"yoast_head":"<!-- This site is optimized with the Yoast SEO plugin v21.7 - https:\/\/yoast.com\/wordpress\/plugins\/seo\/ -->\n<title>Regreso a clases 2020-2021 - Aspaen Gimnasio Cartagena<\/title>\n<meta name=\"robots\" content=\"index, follow, max-snippet:-1, max-image-preview:large, max-video-preview:-1\" \/>\n<link rel=\"canonical\" href=\"https:\/\/aspaen.edu.co\/gimnasiocartagena\/2021\/08\/11\/regreso-a-clases-2020-2021\/\" \/>\n<meta property=\"og:locale\" content=\"es_ES\" \/>\n<meta property=\"og:type\" content=\"article\" \/>\n<meta property=\"og:title\" content=\"Regreso a clases 2020-2021 - Aspaen Gimnasio Cartagena\" \/>\n<meta property=\"og:description\" content=\"En Aspaen Cartegena le damos la bienvenida a nuestros estudiantes al regreso a clases 2020-2021 a\u00f1o de la familia.\" \/>\n<meta property=\"og:url\" content=\"https:\/\/aspaen.edu.co\/gimnasiocartagena\/2021\/08\/11\/regreso-a-clases-2020-2021\/\" \/>\n<meta property=\"og:site_name\" content=\"Aspaen Gimnasio Cartagena\" \/>\n<meta property=\"article:published_time\" content=\"2021-08-11T16:16:20+00:00\" \/>\n<meta property=\"article:modified_time\" content=\"2021-08-11T16:16:22+00:00\" \/>\n<meta property=\"og:image\" content=\"https:\/\/aspaen.edu.co\/gimnasiocartagena\/wp-content\/uploads\/sites\/28\/2021\/08\/DSC_0312-1-scaled.jpg\" \/>\n\t<meta property=\"og:image:width\" content=\"2560\" \/>\n\t<meta property=\"og:image:height\" content=\"1707\" \/>\n\t<meta property=\"og:image:type\" content=\"image\/jpeg\" \/>\n<meta name=\"author\" content=\"aspaen\" \/>\n<meta name=\"twitter:card\" content=\"summary_large_image\" \/>\n<meta name=\"twitter:label1\" content=\"Escrito por\" \/>\n\t<meta name=\"twitter:data1\" content=\"aspaen\" \/>\n\t<meta name=\"twitter:label2\" content=\"Tiempo de lectura\" \/>\n\t<meta name=\"twitter:data2\" content=\"2 minutos\" \/>\n<script type=\"application\/ld+json\" class=\"yoast-schema-graph\">{\"@context\":\"https:\/\/schema.org\",\"@graph\":[{\"@type\":\"Article\",\"@id\":\"https:\/\/aspaen.edu.co\/gimnasiocartagena\/2021\/08\/11\/regreso-a-clases-2020-2021\/#article\",\"isPartOf\":{\"@id\":\"https:\/\/aspaen.edu.co\/gimnasiocartagena\/2021\/08\/11\/regreso-a-clases-2020-2021\/\"},\"author\":{\"name\":\"aspaen\",\"@id\":\"https:\/\/aspaen.edu.co\/gimnasiocartagena\/#\/schema\/person\/ac4a0471eced8467e15621939e4cc247\"},\"headline\":\"Regreso a clases 2020-2021\",\"datePublished\":\"2021-08-11T16:16:20+00:00\",\"dateModified\":\"2021-08-11T16:16:22+00:00\",\"mainEntityOfPage\":{\"@id\":\"https:\/\/aspaen.edu.co\/gimnasiocartagena\/2021\/08\/11\/regreso-a-clases-2020-2021\/\"},\"wordCount\":344,\"publisher\":{\"@id\":\"https:\/\/aspaen.edu.co\/gimnasiocartagena\/#organization\"},\"keywords\":[\"Aspaen\",\"bioseguridad\",\"cartagena\",\"colegio\",\"estudiantes\",\"GC\",\"regreso a clases\"],\"articleSection\":[\"Acad\u00e9mico\",\"Aspaen\",\"Gimnasio Cartagena\",\"Noticias\"],\"inLanguage\":\"es\"},{\"@type\":\"WebPage\",\"@id\":\"https:\/\/aspaen.edu.co\/gimnasiocartagena\/2021\/08\/11\/regreso-a-clases-2020-2021\/\",\"url\":\"https:\/\/aspaen.edu.co\/gimnasiocartagena\/2021\/08\/11\/regreso-a-clases-2020-2021\/\",\"name\":\"Regreso a clases 2020-2021 - Aspaen Gimnasio Cartagena\",\"isPartOf\":{\"@id\":\"https:\/\/aspaen.edu.co\/gimnasiocartagena\/#website\"},\"datePublished\":\"2021-08-11T16:16:20+00:00\",\"dateModified\":\"2021-08-11T16:16:22+00:00\",\"breadcrumb\":{\"@id\":\"https:\/\/aspaen.edu.co\/gimnasiocartagena\/2021\/08\/11\/regreso-a-clases-2020-2021\/#breadcrumb\"},\"inLanguage\":\"es\",\"potentialAction\":[{\"@type\":\"ReadAction\",\"target\":[\"https:\/\/aspaen.edu.co\/gimnasiocartagena\/2021\/08\/11\/regreso-a-clases-2020-2021\/\"]}]},{\"@type\":\"BreadcrumbList\",\"@id\":\"https:\/\/aspaen.edu.co\/gimnasiocartagena\/2021\/08\/11\/regreso-a-clases-2020-2021\/#breadcrumb\",\"itemListElement\":[{\"@type\":\"ListItem\",\"position\":1,\"name\":\"Portada\",\"item\":\"https:\/\/aspaen.edu.co\/gimnasiocartagena\/\"},{\"@type\":\"ListItem\",\"position\":2,\"name\":\"Regreso a clases 2020-2021\"}]},{\"@type\":\"WebSite\",\"@id\":\"https:\/\/aspaen.edu.co\/gimnasiocartagena\/#website\",\"url\":\"https:\/\/aspaen.edu.co\/gimnasiocartagena\/\",\"name\":\"Aspaen Gimnasio Cartagena\",\"description\":\"Un buen comienzo para un buen futuro\",\"publisher\":{\"@id\":\"https:\/\/aspaen.edu.co\/gimnasiocartagena\/#organization\"},\"potentialAction\":[{\"@type\":\"SearchAction\",\"target\":{\"@type\":\"EntryPoint\",\"urlTemplate\":\"https:\/\/aspaen.edu.co\/gimnasiocartagena\/?s={search_term_string}\"},\"query-input\":\"required name=search_term_string\"}],\"inLanguage\":\"es\"},{\"@type\":\"Organization\",\"@id\":\"https:\/\/aspaen.edu.co\/gimnasiocartagena\/#organization\",\"name\":\"Aspaen Gimnasio Cartagena\",\"url\":\"https:\/\/aspaen.edu.co\/gimnasiocartagena\/\",\"logo\":{\"@type\":\"ImageObject\",\"inLanguage\":\"es\",\"@id\":\"https:\/\/aspaen.edu.co\/gimnasiocartagena\/#\/schema\/logo\/image\/\",\"url\":\"https:\/\/aspaen.edu.co\/gimnasiocartagena\/wp-content\/uploads\/sites\/28\/2020\/06\/logo-gimnasio-cartagena-x90.png\",\"contentUrl\":\"https:\/\/aspaen.edu.co\/gimnasiocartagena\/wp-content\/uploads\/sites\/28\/2020\/06\/logo-gimnasio-cartagena-x90.png\",\"width\":297,\"height\":90,\"caption\":\"Aspaen Gimnasio Cartagena\"},\"image\":{\"@id\":\"https:\/\/aspaen.edu.co\/gimnasiocartagena\/#\/schema\/logo\/image\/\"}},{\"@type\":\"Person\",\"@id\":\"https:\/\/aspaen.edu.co\/gimnasiocartagena\/#\/schema\/person\/ac4a0471eced8467e15621939e4cc247\",\"name\":\"aspaen\",\"image\":{\"@type\":\"ImageObject\",\"inLanguage\":\"es\",\"@id\":\"https:\/\/aspaen.edu.co\/gimnasiocartagena\/#\/schema\/person\/image\/\",\"url\":\"https:\/\/secure.gravatar.com\/avatar\/409832325222a1ed60d7e596e3292bc6?s=96&d=mm&r=g\",\"contentUrl\":\"https:\/\/secure.gravatar.com\/avatar\/409832325222a1ed60d7e596e3292bc6?s=96&d=mm&r=g\",\"caption\":\"aspaen\"},\"url\":\"https:\/\/aspaen.edu.co\/gimnasiocartagena\/author\/aspaen\/\"}]}<\/script>\n<!-- \/ Yoast SEO plugin. -->","yoast_head_json":{"title":"Regreso a clases 2020-2021 - Aspaen Gimnasio Cartagena","robots":{"index":"index","follow":"follow","max-snippet":"max-snippet:-1","max-image-preview":"max-image-preview:large","max-video-preview":"max-video-preview:-1"},"canonical":"https:\/\/aspaen.edu.co\/gimnasiocartagena\/2021\/08\/11\/regreso-a-clases-2020-2021\/","og_locale":"es_ES","og_type":"article","og_title":"Regreso a clases 2020-2021 - Aspaen Gimnasio Cartagena","og_description":"En Aspaen Cartegena le damos la bienvenida a nuestros estudiantes al regreso a clases 2020-2021 a\u00f1o de la familia.","og_url":"https:\/\/aspaen.edu.co\/gimnasiocartagena\/2021\/08\/11\/regreso-a-clases-2020-2021\/","og_site_name":"Aspaen Gimnasio Cartagena","article_published_time":"2021-08-11T16:16:20+00:00","article_modified_time":"2021-08-11T16:16:22+00:00","og_image":[{"width":2560,"height":1707,"url":"https:\/\/aspaen.edu.co\/gimnasiocartagena\/wp-content\/uploads\/sites\/28\/2021\/08\/DSC_0312-1-scaled.jpg","type":"image\/jpeg"}],"author":"aspaen","twitter_card":"summary_large_image","twitter_misc":{"Escrito por":"aspaen","Tiempo de lectura":"2 minutos"},"schema":{"@context":"https:\/\/schema.org","@graph":[{"@type":"Article","@id":"https:\/\/aspaen.edu.co\/gimnasiocartagena\/2021\/08\/11\/regreso-a-clases-2020-2021\/#article","isPartOf":{"@id":"https:\/\/aspaen.edu.co\/gimnasiocartagena\/2021\/08\/11\/regreso-a-clases-2020-2021\/"},"author":{"name":"aspaen","@id":"https:\/\/aspaen.edu.co\/gimnasiocartagena\/#\/schema\/person\/ac4a0471eced8467e15621939e4cc247"},"headline":"Regreso a clases 2020-2021","datePublished":"2021-08-11T16:16:20+00:00","dateModified":"2021-08-11T16:16:22+00:00","mainEntityOfPage":{"@id":"https:\/\/aspaen.edu.co\/gimnasiocartagena\/2021\/08\/11\/regreso-a-clases-2020-2021\/"},"wordCount":344,"publisher":{"@id":"https:\/\/aspaen.edu.co\/gimnasiocartagena\/#organization"},"keywords":["Aspaen","bioseguridad","cartagena","colegio","estudiantes","GC","regreso a clases"],"articleSection":["Acad\u00e9mico","Aspaen","Gimnasio Cartagena","Noticias"],"inLanguage":"es"},{"@type":"WebPage","@id":"https:\/\/aspaen.edu.co\/gimnasiocartagena\/2021\/08\/11\/regreso-a-clases-2020-2021\/","url":"https:\/\/aspaen.edu.co\/gimnasiocartagena\/2021\/08\/11\/regreso-a-clases-2020-2021\/","name":"Regreso a clases 2020-2021 - Aspaen Gimnasio Cartagena","isPartOf":{"@id":"https:\/\/aspaen.edu.co\/gimnasiocartagena\/#website"},"datePublished":"2021-08-11T16:16:20+00:00","dateModified":"2021-08-11T16:16:22+00:00","breadcrumb":{"@id":"https:\/\/aspaen.edu.co\/gimnasiocartagena\/2021\/08\/11\/regreso-a-clases-2020-2021\/#breadcrumb"},"inLanguage":"es","potentialAction":[{"@type":"ReadAction","target":["https:\/\/aspaen.edu.co\/gimnasiocartagena\/2021\/08\/11\/regreso-a-clases-2020-2021\/"]}]},{"@type":"BreadcrumbList","@id":"https:\/\/aspaen.edu.co\/gimnasiocartagena\/2021\/08\/11\/regreso-a-clases-2020-2021\/#breadcrumb","itemListElement":[{"@type":"ListItem","position":1,"name":"Portada","item":"https:\/\/aspaen.edu.co\/gimnasiocartagena\/"},{"@type":"ListItem","position":2,"name":"Regreso a clases 2020-2021"}]},{"@type":"WebSite","@id":"https:\/\/aspaen.edu.co\/gimnasiocartagena\/#website","url":"https:\/\/aspaen.edu.co\/gimnasiocartagena\/","name":"Aspaen Gimnasio Cartagena","description":"Un buen comienzo para un buen futuro","publisher":{"@id":"https:\/\/aspaen.edu.co\/gimnasiocartagena\/#organization"},"potentialAction":[{"@type":"SearchAction","target":{"@type":"EntryPoint","urlTemplate":"https:\/\/aspaen.edu.co\/gimnasiocartagena\/?s={search_term_string}"},"query-input":"required name=search_term_string"}],"inLanguage":"es"},{"@type":"Organization","@id":"https:\/\/aspaen.edu.co\/gimnasiocartagena\/#organization","name":"Aspaen Gimnasio Cartagena","url":"https:\/\/aspaen.edu.co\/gimnasiocartagena\/","logo":{"@type":"ImageObject","inLanguage":"es","@id":"https:\/\/aspaen.edu.co\/gimnasiocartagena\/#\/schema\/logo\/image\/","url":"https:\/\/aspaen.edu.co\/gimnasiocartagena\/wp-content\/uploads\/sites\/28\/2020\/06\/logo-gimnasio-cartagena-x90.png","contentUrl":"https:\/\/aspaen.edu.co\/gimnasiocartagena\/wp-content\/uploads\/sites\/28\/2020\/06\/logo-gimnasio-cartagena-x90.png","width":297,"height":90,"caption":"Aspaen Gimnasio Cartagena"},"image":{"@id":"https:\/\/aspaen.edu.co\/gimnasiocartagena\/#\/schema\/logo\/image\/"}},{"@type":"Person","@id":"https:\/\/aspaen.edu.co\/gimnasiocartagena\/#\/schema\/person\/ac4a0471eced8467e15621939e4cc247","name":"aspaen","image":{"@type":"ImageObject","inLanguage":"es","@id":"https:\/\/aspaen.edu.co\/gimnasiocartagena\/#\/schema\/person\/image\/","url":"https:\/\/secure.gravatar.com\/avatar\/409832325222a1ed60d7e596e3292bc6?s=96&d=mm&r=g","contentUrl":"https:\/\/secure.gravatar.com\/avatar\/409832325222a1ed60d7e596e3292bc6?s=96&d=mm&r=g","caption":"aspaen"},"url":"https:\/\/aspaen.edu.co\/gimnasiocartagena\/author\/aspaen\/"}]}},"_links":{"self":[{"href":"https:\/\/aspaen.edu.co\/gimnasiocartagena\/wp-json\/wp\/v2\/posts\/2331"}],"collection":[{"href":"https:\/\/aspaen.edu.co\/gimnasiocartagena\/wp-json\/wp\/v2\/posts"}],"about":[{"href":"https:\/\/aspaen.edu.co\/gimnasiocartagena\/wp-json\/wp\/v2\/types\/post"}],"author":[{"embeddable":true,"href":"https:\/\/aspaen.edu.co\/gimnasiocartagena\/wp-json\/wp\/v2\/users\/2"}],"replies":[{"embeddable":true,"href":"https:\/\/aspaen.edu.co\/gimnasiocartagena\/wp-json\/wp\/v2\/comments?post=2331"}],"version-history":[{"count":0,"href":"https:\/\/aspaen.edu.co\/gimnasiocartagena\/wp-json\/wp\/v2\/posts\/2331\/revisions"}],"wp:featuredmedia":[{"embeddable":true,"href":"https:\/\/aspaen.edu.co\/gimnasiocartagena\/wp-json\/wp\/v2\/media\/2333"}],"wp:attachment":[{"href":"https:\/\/aspaen.edu.co\/gimnasiocartagena\/wp-json\/wp\/v2\/media?parent=2331"}],"wp:term":[{"taxonomy":"category","embeddable":true,"href":"https:\/\/aspaen.edu.co\/gimnasiocartagena\/wp-json\/wp\/v2\/categories?post=2331"},{"taxonomy":"post_tag","embeddable":true,"href":"https:\/\/aspaen.edu.co\/gimnasiocartagena\/wp-json\/wp\/v2\/tags?post=2331"}],"curies":[{"name":"wp","href":"https:\/\/api.w.org\/{rel}","templated":true}]}}