{"id":3219,"date":"2023-11-27T15:29:53","date_gmt":"2023-11-27T20:29:53","guid":{"rendered":"https:\/\/aspaen.edu.co\/atavanza\/?p=3219"},"modified":"2023-11-28T08:06:10","modified_gmt":"2023-11-28T13:06:10","slug":"historia-de-accion-de-gracias","status":"publish","type":"post","link":"https:\/\/aspaen.edu.co\/atavanza\/2023\/11\/27\/historia-de-accion-de-gracias\/","title":{"rendered":"Historia de Acci\u00f3n de Gracias: Celebrando el Esp\u00edritu de Gratitud"},"content":{"rendered":"\n<p>En \u00faltimo jueves de noviembre millones de familias en los Estados Unidos se re\u00fanen para dar gracias en una tradici\u00f3n que se remonta a los primeros d\u00edas de la colonizaci\u00f3n: el D\u00eda de Acci\u00f3n de Gracias; y aunque no es una celebraci\u00f3n t\u00edpica en Colombia, en Aspaen Atavanza aprovechamos para dar gracias por cada bendici\u00f3n.<\/p>\n\n\n\n<p>La historia de Acci\u00f3n de Gracias se remonta al oto\u00f1o de 1621, cuando los colonos ingleses, conocidos como los Peregrinos, compartieron una celebraci\u00f3n de cosecha con los nativos americanos. En este encuentro, ambas comunidades agradecieron la abundancia de alimentos y la ayuda mutua que les permiti\u00f3 sobrevivir en tierras desconocidas. Este acto de gratitud sent\u00f3 las bases para lo que se convertir\u00eda en una de las festividades m\u00e1s queridas en la cultura estadounidense.<\/p>\n\n\n\n<p><a href=\"https:\/\/historia.nationalgeographic.com.es\/a\/dia-accion-gracias-cual-es-su-origen-por-que-se-come-pavo_20495\">Lee tambi\u00e9n: \u00bfPor qu\u00e9 se come pavo en Acci\u00f3n de Gracias?<\/a><\/p>\n\n\n\n<p>La esencia del D\u00eda de Acci\u00f3n de Gracias radica en la reflexi\u00f3n y la apreciaci\u00f3n por lo que tenemos. Es un momento para unirnos con amigos y familiares, compartir una deliciosa comida y expresar gratitud por las bendiciones recibidas a lo largo del a\u00f1o.<\/p>\n\n\n\n<p>En el Preescolar Atavanza, entendemos la importancia de inculcar desde temprana edad el valor de la gratitud en los corazones de nuestros estudiantes. Cada a\u00f1o, celebramos esta festividad de una manera especial. Este a\u00f1o, hemos preparado una encantadora obra de teatro realizada por nuestras dedicadas profesoras, que narra la historia del primer D\u00eda de Acci\u00f3n de Gracias de una manera entretenida para los ni\u00f1os.<\/p>\n\n\n\n<p>A trav\u00e9s de esta representaci\u00f3n teatral, buscamos transmitir a nuestros estudiantes la importancia de dar gracias y apreciar las relaciones y momentos compartidos. Creemos que al comprender la historia detr\u00e1s de esta celebraci\u00f3n, los ni\u00f1os pueden desarrollar un sentido m\u00e1s profundo de gratitud y empat\u00eda hacia los dem\u00e1s.<\/p>\n\n\n\n<figure class=\"wp-block-gallery has-nested-images columns-default is-cropped wp-block-gallery-1 is-layout-flex wp-block-gallery-is-layout-flex\">\n<figure class=\"wp-block-image size-large\"><img fetchpriority=\"high\" decoding=\"async\" width=\"4032\" height=\"3024\" data-id=\"3220\" src=\"https:\/\/aspaen.edu.co\/atavanza\/wp-content\/uploads\/sites\/38\/2023\/11\/dia-de-accion-de-Gracias-ATAVANZA.jpg\" alt=\"\" class=\"wp-image-3220\"\/><\/figure>\n\n\n\n<figure class=\"wp-block-image size-large\"><img decoding=\"async\" width=\"4032\" height=\"3024\" data-id=\"3222\" src=\"https:\/\/aspaen.edu.co\/atavanza\/wp-content\/uploads\/sites\/38\/2023\/11\/accion-de-gracias-preescolar.jpg\" alt=\"\" class=\"wp-image-3222\"\/><\/figure>\n\n\n\n<figure class=\"wp-block-image size-large\"><img decoding=\"async\" width=\"4032\" height=\"3024\" data-id=\"3221\" src=\"https:\/\/aspaen.edu.co\/atavanza\/wp-content\/uploads\/sites\/38\/2023\/11\/celebracion-accion-de-gracias-atavanza.jpg\" alt=\"\" class=\"wp-image-3221\"\/><\/figure>\n<\/figure>\n\n\n\n<p><\/p>\n\n\n\n<p>M\u00e1s all\u00e1 de la festividad, en el Preescolar Atavanza fomentamos un ambiente donde la gratitud se practica diariamente. Creemos que este valor es fundamental para el desarrollo integral de nuestros peque\u00f1os, contribuyendo a la formaci\u00f3n de individuos compasivos y conscientes de la importancia de reconocer las bendiciones cotidianas.<\/p>\n\n\n\n<p>En este D\u00eda de Acci\u00f3n de Gracias, reflexionemos sobre la riqueza de nuestras vidas y celebremos la oportunidad de aprender y crecer juntos. Desde el Preescolar Atavanza, deseamos a todas las familias un D\u00eda de Acci\u00f3n de Gracias lleno de amor, alegr\u00eda y, sobre todo, gratitud.<\/p>\n\n\n\n<p><a href=\"https:\/\/aspaen.edu.co\/atavanza\/2023\/11\/02\/tradiciones-dia-de-todos-los-santos\/\">Lee tambi\u00e9n: Celebraci\u00f3n d\u00eda de todos los Santos en Atavanza.<\/a><\/p>\n","protected":false},"excerpt":{"rendered":"<p>En \u00faltimo jueves de noviembre millones de familias en los Estados Unidos se re\u00fanen para dar gracias en una tradici\u00f3n que se remonta a los primeros d\u00edas de la colonizaci\u00f3n: el D\u00eda de Acci\u00f3n de Gracias; y aunque no es una celebraci\u00f3n t\u00edpica en Colombia, en Aspaen Atavanza aprovechamos para dar gracias por cada bendici\u00f3n. [&hellip;]<\/p>\n","protected":false},"author":77,"featured_media":3222,"comment_status":"open","ping_status":"open","sticky":true,"template":"","format":"standard","meta":{"footnotes":""},"categories":[14,9,8],"tags":[43,48],"yoast_head":"<!-- This site is optimized with the Yoast SEO plugin v21.7 - https:\/\/yoast.com\/wordpress\/plugins\/seo\/ -->\n<title>Historia de Acci\u00f3n de Gracias: Celebrando el Esp\u00edritu de Gratitud - Aspaen Atavanza<\/title>\n<meta name=\"description\" content=\"La historia de Acci\u00f3n de Gracias se remonta a 1621, cuando colonos ingleses compartieron una celebraci\u00f3n de cosecha con nativos americanos.\" \/>\n<meta name=\"robots\" content=\"index, follow, max-snippet:-1, max-image-preview:large, max-video-preview:-1\" \/>\n<link rel=\"canonical\" href=\"https:\/\/aspaen.edu.co\/atavanza\/2023\/11\/27\/historia-de-accion-de-gracias\/\" \/>\n<meta property=\"og:locale\" content=\"es_ES\" \/>\n<meta property=\"og:type\" content=\"article\" \/>\n<meta property=\"og:title\" content=\"Historia de Acci\u00f3n de Gracias: Celebrando el Esp\u00edritu de Gratitud - Aspaen Atavanza\" \/>\n<meta property=\"og:description\" content=\"La historia de Acci\u00f3n de Gracias se remonta a 1621, cuando colonos ingleses compartieron una celebraci\u00f3n de cosecha con nativos americanos.\" \/>\n<meta property=\"og:url\" content=\"https:\/\/aspaen.edu.co\/atavanza\/2023\/11\/27\/historia-de-accion-de-gracias\/\" \/>\n<meta property=\"og:site_name\" content=\"Aspaen Atavanza\" \/>\n<meta property=\"article:published_time\" content=\"2023-11-27T20:29:53+00:00\" \/>\n<meta property=\"article:modified_time\" content=\"2023-11-28T13:06:10+00:00\" \/>\n<meta property=\"og:image\" content=\"https:\/\/aspaen.edu.co\/atavanza\/wp-content\/uploads\/sites\/38\/2023\/11\/accion-de-gracias-preescolar.jpg\" \/>\n\t<meta property=\"og:image:width\" content=\"800\" \/>\n\t<meta property=\"og:image:height\" content=\"600\" \/>\n\t<meta property=\"og:image:type\" content=\"image\/jpeg\" \/>\n<meta name=\"author\" content=\"servicedesk\" \/>\n<meta name=\"twitter:card\" content=\"summary_large_image\" \/>\n<meta name=\"twitter:label1\" content=\"Escrito por\" \/>\n\t<meta name=\"twitter:data1\" content=\"servicedesk\" \/>\n\t<meta name=\"twitter:label2\" content=\"Tiempo de lectura\" \/>\n\t<meta name=\"twitter:data2\" content=\"3 minutos\" \/>\n<script type=\"application\/ld+json\" class=\"yoast-schema-graph\">{\"@context\":\"https:\/\/schema.org\",\"@graph\":[{\"@type\":\"Article\",\"@id\":\"https:\/\/aspaen.edu.co\/atavanza\/2023\/11\/27\/historia-de-accion-de-gracias\/#article\",\"isPartOf\":{\"@id\":\"https:\/\/aspaen.edu.co\/atavanza\/2023\/11\/27\/historia-de-accion-de-gracias\/\"},\"author\":{\"name\":\"servicedesk\",\"@id\":\"https:\/\/aspaen.edu.co\/atavanza\/#\/schema\/person\/d1ec35fe0a2967b24737fa88fc878b21\"},\"headline\":\"Historia de Acci\u00f3n de Gracias: Celebrando el Esp\u00edritu de Gratitud\",\"datePublished\":\"2023-11-27T20:29:53+00:00\",\"dateModified\":\"2023-11-28T13:06:10+00:00\",\"mainEntityOfPage\":{\"@id\":\"https:\/\/aspaen.edu.co\/atavanza\/2023\/11\/27\/historia-de-accion-de-gracias\/\"},\"wordCount\":455,\"commentCount\":0,\"publisher\":{\"@id\":\"https:\/\/aspaen.edu.co\/atavanza\/#organization\"},\"keywords\":[\"aspaen\",\"momentos\"],\"articleSection\":[\"Atavanza\",\"Eventos\",\"Noticias\"],\"inLanguage\":\"es\",\"potentialAction\":[{\"@type\":\"CommentAction\",\"name\":\"Comment\",\"target\":[\"https:\/\/aspaen.edu.co\/atavanza\/2023\/11\/27\/historia-de-accion-de-gracias\/#respond\"]}]},{\"@type\":\"WebPage\",\"@id\":\"https:\/\/aspaen.edu.co\/atavanza\/2023\/11\/27\/historia-de-accion-de-gracias\/\",\"url\":\"https:\/\/aspaen.edu.co\/atavanza\/2023\/11\/27\/historia-de-accion-de-gracias\/\",\"name\":\"Historia de Acci\u00f3n de Gracias: Celebrando el Esp\u00edritu de Gratitud - Aspaen Atavanza\",\"isPartOf\":{\"@id\":\"https:\/\/aspaen.edu.co\/atavanza\/#website\"},\"datePublished\":\"2023-11-27T20:29:53+00:00\",\"dateModified\":\"2023-11-28T13:06:10+00:00\",\"description\":\"La historia de Acci\u00f3n de Gracias se remonta a 1621, cuando colonos ingleses compartieron una celebraci\u00f3n de cosecha con nativos americanos.\",\"breadcrumb\":{\"@id\":\"https:\/\/aspaen.edu.co\/atavanza\/2023\/11\/27\/historia-de-accion-de-gracias\/#breadcrumb\"},\"inLanguage\":\"es\",\"potentialAction\":[{\"@type\":\"ReadAction\",\"target\":[\"https:\/\/aspaen.edu.co\/atavanza\/2023\/11\/27\/historia-de-accion-de-gracias\/\"]}]},{\"@type\":\"BreadcrumbList\",\"@id\":\"https:\/\/aspaen.edu.co\/atavanza\/2023\/11\/27\/historia-de-accion-de-gracias\/#breadcrumb\",\"itemListElement\":[{\"@type\":\"ListItem\",\"position\":1,\"name\":\"Portada\",\"item\":\"https:\/\/aspaen.edu.co\/atavanza\/\"},{\"@type\":\"ListItem\",\"position\":2,\"name\":\"Historia de Acci\u00f3n de Gracias: Celebrando el Esp\u00edritu de Gratitud\"}]},{\"@type\":\"WebSite\",\"@id\":\"https:\/\/aspaen.edu.co\/atavanza\/#website\",\"url\":\"https:\/\/aspaen.edu.co\/atavanza\/\",\"name\":\"Aspaen Atavanza\",\"description\":\"Un buen comienzo para un buen futuro\",\"publisher\":{\"@id\":\"https:\/\/aspaen.edu.co\/atavanza\/#organization\"},\"potentialAction\":[{\"@type\":\"SearchAction\",\"target\":{\"@type\":\"EntryPoint\",\"urlTemplate\":\"https:\/\/aspaen.edu.co\/atavanza\/?s={search_term_string}\"},\"query-input\":\"required name=search_term_string\"}],\"inLanguage\":\"es\"},{\"@type\":\"Organization\",\"@id\":\"https:\/\/aspaen.edu.co\/atavanza\/#organization\",\"name\":\"Aspaen Atavanza\",\"url\":\"https:\/\/aspaen.edu.co\/atavanza\/\",\"logo\":{\"@type\":\"ImageObject\",\"inLanguage\":\"es\",\"@id\":\"https:\/\/aspaen.edu.co\/atavanza\/#\/schema\/logo\/image\/\",\"url\":\"https:\/\/aspaen.edu.co\/atavanza\/wp-content\/uploads\/sites\/38\/2020\/01\/logo-atavanza.png\",\"contentUrl\":\"https:\/\/aspaen.edu.co\/atavanza\/wp-content\/uploads\/sites\/38\/2020\/01\/logo-atavanza.png\",\"width\":252,\"height\":80,\"caption\":\"Aspaen Atavanza\"},\"image\":{\"@id\":\"https:\/\/aspaen.edu.co\/atavanza\/#\/schema\/logo\/image\/\"}},{\"@type\":\"Person\",\"@id\":\"https:\/\/aspaen.edu.co\/atavanza\/#\/schema\/person\/d1ec35fe0a2967b24737fa88fc878b21\",\"name\":\"servicedesk\",\"image\":{\"@type\":\"ImageObject\",\"inLanguage\":\"es\",\"@id\":\"https:\/\/aspaen.edu.co\/atavanza\/#\/schema\/person\/image\/\",\"url\":\"https:\/\/secure.gravatar.com\/avatar\/1cc1ec2aa24b62ef674e2908dd7c0885?s=96&d=mm&r=g\",\"contentUrl\":\"https:\/\/secure.gravatar.com\/avatar\/1cc1ec2aa24b62ef674e2908dd7c0885?s=96&d=mm&r=g\",\"caption\":\"servicedesk\"},\"url\":\"https:\/\/aspaen.edu.co\/atavanza\/author\/servicedesk\/\"}]}<\/script>\n<!-- \/ Yoast SEO plugin. -->","yoast_head_json":{"title":"Historia de Acci\u00f3n de Gracias: Celebrando el Esp\u00edritu de Gratitud - Aspaen Atavanza","description":"La historia de Acci\u00f3n de Gracias se remonta a 1621, cuando colonos ingleses compartieron una celebraci\u00f3n de cosecha con nativos americanos.","robots":{"index":"index","follow":"follow","max-snippet":"max-snippet:-1","max-image-preview":"max-image-preview:large","max-video-preview":"max-video-preview:-1"},"canonical":"https:\/\/aspaen.edu.co\/atavanza\/2023\/11\/27\/historia-de-accion-de-gracias\/","og_locale":"es_ES","og_type":"article","og_title":"Historia de Acci\u00f3n de Gracias: Celebrando el Esp\u00edritu de Gratitud - Aspaen Atavanza","og_description":"La historia de Acci\u00f3n de Gracias se remonta a 1621, cuando colonos ingleses compartieron una celebraci\u00f3n de cosecha con nativos americanos.","og_url":"https:\/\/aspaen.edu.co\/atavanza\/2023\/11\/27\/historia-de-accion-de-gracias\/","og_site_name":"Aspaen Atavanza","article_published_time":"2023-11-27T20:29:53+00:00","article_modified_time":"2023-11-28T13:06:10+00:00","og_image":[{"url":"https:\/\/aspaen.edu.co\/atavanza\/wp-content\/uploads\/sites\/38\/2023\/11\/accion-de-gracias-preescolar.jpg","width":800,"height":600,"type":"image\/jpeg"}],"author":"servicedesk","twitter_card":"summary_large_image","twitter_misc":{"Escrito por":"servicedesk","Tiempo de lectura":"3 minutos"},"schema":{"@context":"https:\/\/schema.org","@graph":[{"@type":"Article","@id":"https:\/\/aspaen.edu.co\/atavanza\/2023\/11\/27\/historia-de-accion-de-gracias\/#article","isPartOf":{"@id":"https:\/\/aspaen.edu.co\/atavanza\/2023\/11\/27\/historia-de-accion-de-gracias\/"},"author":{"name":"servicedesk","@id":"https:\/\/aspaen.edu.co\/atavanza\/#\/schema\/person\/d1ec35fe0a2967b24737fa88fc878b21"},"headline":"Historia de Acci\u00f3n de Gracias: Celebrando el Esp\u00edritu de Gratitud","datePublished":"2023-11-27T20:29:53+00:00","dateModified":"2023-11-28T13:06:10+00:00","mainEntityOfPage":{"@id":"https:\/\/aspaen.edu.co\/atavanza\/2023\/11\/27\/historia-de-accion-de-gracias\/"},"wordCount":455,"commentCount":0,"publisher":{"@id":"https:\/\/aspaen.edu.co\/atavanza\/#organization"},"keywords":["aspaen","momentos"],"articleSection":["Atavanza","Eventos","Noticias"],"inLanguage":"es","potentialAction":[{"@type":"CommentAction","name":"Comment","target":["https:\/\/aspaen.edu.co\/atavanza\/2023\/11\/27\/historia-de-accion-de-gracias\/#respond"]}]},{"@type":"WebPage","@id":"https:\/\/aspaen.edu.co\/atavanza\/2023\/11\/27\/historia-de-accion-de-gracias\/","url":"https:\/\/aspaen.edu.co\/atavanza\/2023\/11\/27\/historia-de-accion-de-gracias\/","name":"Historia de Acci\u00f3n de Gracias: Celebrando el Esp\u00edritu de Gratitud - Aspaen Atavanza","isPartOf":{"@id":"https:\/\/aspaen.edu.co\/atavanza\/#website"},"datePublished":"2023-11-27T20:29:53+00:00","dateModified":"2023-11-28T13:06:10+00:00","description":"La historia de Acci\u00f3n de Gracias se remonta a 1621, cuando colonos ingleses compartieron una celebraci\u00f3n de cosecha con nativos americanos.","breadcrumb":{"@id":"https:\/\/aspaen.edu.co\/atavanza\/2023\/11\/27\/historia-de-accion-de-gracias\/#breadcrumb"},"inLanguage":"es","potentialAction":[{"@type":"ReadAction","target":["https:\/\/aspaen.edu.co\/atavanza\/2023\/11\/27\/historia-de-accion-de-gracias\/"]}]},{"@type":"BreadcrumbList","@id":"https:\/\/aspaen.edu.co\/atavanza\/2023\/11\/27\/historia-de-accion-de-gracias\/#breadcrumb","itemListElement":[{"@type":"ListItem","position":1,"name":"Portada","item":"https:\/\/aspaen.edu.co\/atavanza\/"},{"@type":"ListItem","position":2,"name":"Historia de Acci\u00f3n de Gracias: Celebrando el Esp\u00edritu de Gratitud"}]},{"@type":"WebSite","@id":"https:\/\/aspaen.edu.co\/atavanza\/#website","url":"https:\/\/aspaen.edu.co\/atavanza\/","name":"Aspaen Atavanza","description":"Un buen comienzo para un buen futuro","publisher":{"@id":"https:\/\/aspaen.edu.co\/atavanza\/#organization"},"potentialAction":[{"@type":"SearchAction","target":{"@type":"EntryPoint","urlTemplate":"https:\/\/aspaen.edu.co\/atavanza\/?s={search_term_string}"},"query-input":"required name=search_term_string"}],"inLanguage":"es"},{"@type":"Organization","@id":"https:\/\/aspaen.edu.co\/atavanza\/#organization","name":"Aspaen Atavanza","url":"https:\/\/aspaen.edu.co\/atavanza\/","logo":{"@type":"ImageObject","inLanguage":"es","@id":"https:\/\/aspaen.edu.co\/atavanza\/#\/schema\/logo\/image\/","url":"https:\/\/aspaen.edu.co\/atavanza\/wp-content\/uploads\/sites\/38\/2020\/01\/logo-atavanza.png","contentUrl":"https:\/\/aspaen.edu.co\/atavanza\/wp-content\/uploads\/sites\/38\/2020\/01\/logo-atavanza.png","width":252,"height":80,"caption":"Aspaen Atavanza"},"image":{"@id":"https:\/\/aspaen.edu.co\/atavanza\/#\/schema\/logo\/image\/"}},{"@type":"Person","@id":"https:\/\/aspaen.edu.co\/atavanza\/#\/schema\/person\/d1ec35fe0a2967b24737fa88fc878b21","name":"servicedesk","image":{"@type":"ImageObject","inLanguage":"es","@id":"https:\/\/aspaen.edu.co\/atavanza\/#\/schema\/person\/image\/","url":"https:\/\/secure.gravatar.com\/avatar\/1cc1ec2aa24b62ef674e2908dd7c0885?s=96&d=mm&r=g","contentUrl":"https:\/\/secure.gravatar.com\/avatar\/1cc1ec2aa24b62ef674e2908dd7c0885?s=96&d=mm&r=g","caption":"servicedesk"},"url":"https:\/\/aspaen.edu.co\/atavanza\/author\/servicedesk\/"}]}},"_links":{"self":[{"href":"https:\/\/aspaen.edu.co\/atavanza\/wp-json\/wp\/v2\/posts\/3219"}],"collection":[{"href":"https:\/\/aspaen.edu.co\/atavanza\/wp-json\/wp\/v2\/posts"}],"about":[{"href":"https:\/\/aspaen.edu.co\/atavanza\/wp-json\/wp\/v2\/types\/post"}],"author":[{"embeddable":true,"href":"https:\/\/aspaen.edu.co\/atavanza\/wp-json\/wp\/v2\/users\/77"}],"replies":[{"embeddable":true,"href":"https:\/\/aspaen.edu.co\/atavanza\/wp-json\/wp\/v2\/comments?post=3219"}],"version-history":[{"count":2,"href":"https:\/\/aspaen.edu.co\/atavanza\/wp-json\/wp\/v2\/posts\/3219\/revisions"}],"predecessor-version":[{"id":3224,"href":"https:\/\/aspaen.edu.co\/atavanza\/wp-json\/wp\/v2\/posts\/3219\/revisions\/3224"}],"wp:featuredmedia":[{"embeddable":true,"href":"https:\/\/aspaen.edu.co\/atavanza\/wp-json\/wp\/v2\/media\/3222"}],"wp:attachment":[{"href":"https:\/\/aspaen.edu.co\/atavanza\/wp-json\/wp\/v2\/media?parent=3219"}],"wp:term":[{"taxonomy":"category","embeddable":true,"href":"https:\/\/aspaen.edu.co\/atavanza\/wp-json\/wp\/v2\/categories?post=3219"},{"taxonomy":"post_tag","embeddable":true,"href":"https:\/\/aspaen.edu.co\/atavanza\/wp-json\/wp\/v2\/tags?post=3219"}],"curies":[{"name":"wp","href":"https:\/\/api.w.org\/{rel}","templated":true}]}}