{"id":2451,"date":"2021-07-30T13:31:57","date_gmt":"2021-07-30T13:31:57","guid":{"rendered":"https:\/\/aspaen.edu.co\/atavanza\/?p=2451"},"modified":"2021-07-30T13:31:59","modified_gmt":"2021-07-30T13:31:59","slug":"colombia-tierra-querida","status":"publish","type":"post","link":"https:\/\/aspaen.edu.co\/atavanza\/2021\/07\/30\/colombia-tierra-querida\/","title":{"rendered":"\u00a1Colombia, tierra querida!"},"content":{"rendered":"\n<p>\u00a1Seguimos guardando recuerdos inolvidables! En esta ocasi\u00f3n, descubrimos lo tradicional de nuestra cultura colombiana, llena de m\u00fasica y baile. Nos llena de alegr\u00eda compartir con nuestros peque\u00f1os y aprender juntos.<\/p>\n\n\n\n<figure class=\"wp-block-gallery columns-2 is-cropped wp-block-gallery-1 is-layout-flex wp-block-gallery-is-layout-flex\"><ul class=\"blocks-gallery-grid\"><li class=\"blocks-gallery-item\"><figure><img fetchpriority=\"high\" decoding=\"async\" width=\"1024\" height=\"1024\" src=\"https:\/\/aspaen.edu.co\/atavanza\/wp-content\/uploads\/sites\/38\/2021\/07\/JULIO-26-SummerCampCol2-1-1024x1024.png\" alt=\"\" data-id=\"2455\" data-full-url=\"https:\/\/aspaen.edu.co\/atavanza\/wp-content\/uploads\/sites\/38\/2021\/07\/JULIO-26-SummerCampCol2-1.png\" data-link=\"https:\/\/aspaen.edu.co\/atavanza\/?attachment_id=2455\" class=\"wp-image-2455\" srcset=\"https:\/\/aspaen.edu.co\/atavanza\/wp-content\/uploads\/sites\/38\/2021\/07\/JULIO-26-SummerCampCol2-1-1024x1024.png 1024w, https:\/\/aspaen.edu.co\/atavanza\/wp-content\/uploads\/sites\/38\/2021\/07\/JULIO-26-SummerCampCol2-1-300x300.png 300w, https:\/\/aspaen.edu.co\/atavanza\/wp-content\/uploads\/sites\/38\/2021\/07\/JULIO-26-SummerCampCol2-1-150x150.png 150w, https:\/\/aspaen.edu.co\/atavanza\/wp-content\/uploads\/sites\/38\/2021\/07\/JULIO-26-SummerCampCol2-1-768x768.png 768w, https:\/\/aspaen.edu.co\/atavanza\/wp-content\/uploads\/sites\/38\/2021\/07\/JULIO-26-SummerCampCol2-1-1536x1536.png 1536w, https:\/\/aspaen.edu.co\/atavanza\/wp-content\/uploads\/sites\/38\/2021\/07\/JULIO-26-SummerCampCol2-1-2048x2048.png 2048w\" sizes=\"(max-width: 1024px) 100vw, 1024px\" \/><\/figure><\/li><li class=\"blocks-gallery-item\"><figure><img decoding=\"async\" width=\"1024\" height=\"1024\" src=\"https:\/\/aspaen.edu.co\/atavanza\/wp-content\/uploads\/sites\/38\/2021\/07\/JULIO-26-SummerCampCol5-1-1024x1024.png\" alt=\"\" data-id=\"2452\" data-full-url=\"https:\/\/aspaen.edu.co\/atavanza\/wp-content\/uploads\/sites\/38\/2021\/07\/JULIO-26-SummerCampCol5-1.png\" data-link=\"https:\/\/aspaen.edu.co\/atavanza\/?attachment_id=2452\" class=\"wp-image-2452\" srcset=\"https:\/\/aspaen.edu.co\/atavanza\/wp-content\/uploads\/sites\/38\/2021\/07\/JULIO-26-SummerCampCol5-1-1024x1024.png 1024w, https:\/\/aspaen.edu.co\/atavanza\/wp-content\/uploads\/sites\/38\/2021\/07\/JULIO-26-SummerCampCol5-1-300x300.png 300w, https:\/\/aspaen.edu.co\/atavanza\/wp-content\/uploads\/sites\/38\/2021\/07\/JULIO-26-SummerCampCol5-1-150x150.png 150w, https:\/\/aspaen.edu.co\/atavanza\/wp-content\/uploads\/sites\/38\/2021\/07\/JULIO-26-SummerCampCol5-1-768x768.png 768w, https:\/\/aspaen.edu.co\/atavanza\/wp-content\/uploads\/sites\/38\/2021\/07\/JULIO-26-SummerCampCol5-1-1536x1536.png 1536w, https:\/\/aspaen.edu.co\/atavanza\/wp-content\/uploads\/sites\/38\/2021\/07\/JULIO-26-SummerCampCol5-1-2048x2048.png 2048w\" sizes=\"(max-width: 1024px) 100vw, 1024px\" \/><\/figure><\/li><li class=\"blocks-gallery-item\"><figure><img decoding=\"async\" width=\"1024\" height=\"1024\" src=\"https:\/\/aspaen.edu.co\/atavanza\/wp-content\/uploads\/sites\/38\/2021\/07\/JULIO-26-SummerCampCol4-1-1024x1024.png\" alt=\"\" data-id=\"2453\" data-full-url=\"https:\/\/aspaen.edu.co\/atavanza\/wp-content\/uploads\/sites\/38\/2021\/07\/JULIO-26-SummerCampCol4-1.png\" data-link=\"https:\/\/aspaen.edu.co\/atavanza\/?attachment_id=2453\" class=\"wp-image-2453\" srcset=\"https:\/\/aspaen.edu.co\/atavanza\/wp-content\/uploads\/sites\/38\/2021\/07\/JULIO-26-SummerCampCol4-1-1024x1024.png 1024w, https:\/\/aspaen.edu.co\/atavanza\/wp-content\/uploads\/sites\/38\/2021\/07\/JULIO-26-SummerCampCol4-1-300x300.png 300w, https:\/\/aspaen.edu.co\/atavanza\/wp-content\/uploads\/sites\/38\/2021\/07\/JULIO-26-SummerCampCol4-1-150x150.png 150w, https:\/\/aspaen.edu.co\/atavanza\/wp-content\/uploads\/sites\/38\/2021\/07\/JULIO-26-SummerCampCol4-1-768x768.png 768w, https:\/\/aspaen.edu.co\/atavanza\/wp-content\/uploads\/sites\/38\/2021\/07\/JULIO-26-SummerCampCol4-1-1536x1536.png 1536w, https:\/\/aspaen.edu.co\/atavanza\/wp-content\/uploads\/sites\/38\/2021\/07\/JULIO-26-SummerCampCol4-1-2048x2048.png 2048w\" sizes=\"(max-width: 1024px) 100vw, 1024px\" \/><\/figure><\/li><li class=\"blocks-gallery-item\"><figure><img loading=\"lazy\" decoding=\"async\" width=\"1024\" height=\"1024\" src=\"https:\/\/aspaen.edu.co\/atavanza\/wp-content\/uploads\/sites\/38\/2021\/07\/JULIO-26-SummerCampCol3-1-1024x1024.png\" alt=\"\" data-id=\"2454\" data-full-url=\"https:\/\/aspaen.edu.co\/atavanza\/wp-content\/uploads\/sites\/38\/2021\/07\/JULIO-26-SummerCampCol3-1.png\" data-link=\"https:\/\/aspaen.edu.co\/atavanza\/?attachment_id=2454\" class=\"wp-image-2454\" srcset=\"https:\/\/aspaen.edu.co\/atavanza\/wp-content\/uploads\/sites\/38\/2021\/07\/JULIO-26-SummerCampCol3-1-1024x1024.png 1024w, https:\/\/aspaen.edu.co\/atavanza\/wp-content\/uploads\/sites\/38\/2021\/07\/JULIO-26-SummerCampCol3-1-300x300.png 300w, https:\/\/aspaen.edu.co\/atavanza\/wp-content\/uploads\/sites\/38\/2021\/07\/JULIO-26-SummerCampCol3-1-150x150.png 150w, https:\/\/aspaen.edu.co\/atavanza\/wp-content\/uploads\/sites\/38\/2021\/07\/JULIO-26-SummerCampCol3-1-768x768.png 768w, https:\/\/aspaen.edu.co\/atavanza\/wp-content\/uploads\/sites\/38\/2021\/07\/JULIO-26-SummerCampCol3-1-1536x1536.png 1536w, https:\/\/aspaen.edu.co\/atavanza\/wp-content\/uploads\/sites\/38\/2021\/07\/JULIO-26-SummerCampCol3-1-2048x2048.png 2048w\" sizes=\"(max-width: 1024px) 100vw, 1024px\" \/><\/figure><\/li><li class=\"blocks-gallery-item\"><figure><img loading=\"lazy\" decoding=\"async\" width=\"1024\" height=\"1024\" src=\"https:\/\/aspaen.edu.co\/atavanza\/wp-content\/uploads\/sites\/38\/2021\/07\/JULIO-26-SummerCampCol1-1-1024x1024.png\" alt=\"\" data-id=\"2456\" data-full-url=\"https:\/\/aspaen.edu.co\/atavanza\/wp-content\/uploads\/sites\/38\/2021\/07\/JULIO-26-SummerCampCol1-1.png\" data-link=\"https:\/\/aspaen.edu.co\/atavanza\/?attachment_id=2456\" class=\"wp-image-2456\" srcset=\"https:\/\/aspaen.edu.co\/atavanza\/wp-content\/uploads\/sites\/38\/2021\/07\/JULIO-26-SummerCampCol1-1-1024x1024.png 1024w, https:\/\/aspaen.edu.co\/atavanza\/wp-content\/uploads\/sites\/38\/2021\/07\/JULIO-26-SummerCampCol1-1-300x300.png 300w, https:\/\/aspaen.edu.co\/atavanza\/wp-content\/uploads\/sites\/38\/2021\/07\/JULIO-26-SummerCampCol1-1-150x150.png 150w, https:\/\/aspaen.edu.co\/atavanza\/wp-content\/uploads\/sites\/38\/2021\/07\/JULIO-26-SummerCampCol1-1-768x768.png 768w, https:\/\/aspaen.edu.co\/atavanza\/wp-content\/uploads\/sites\/38\/2021\/07\/JULIO-26-SummerCampCol1-1-1536x1536.png 1536w, https:\/\/aspaen.edu.co\/atavanza\/wp-content\/uploads\/sites\/38\/2021\/07\/JULIO-26-SummerCampCol1-1-2048x2048.png 2048w\" sizes=\"(max-width: 1024px) 100vw, 1024px\" \/><\/figure><\/li><\/ul><\/figure>\n","protected":false},"excerpt":{"rendered":"<p>\u00a1Seguimos guardando recuerdos inolvidables! En esta ocasi\u00f3n, descubrimos lo tradicional de nuestra cultura colombiana, llena de m\u00fasica y baile. Nos llena de alegr\u00eda compartir con nuestros peque\u00f1os y aprender juntos.<\/p>\n","protected":false},"author":15,"featured_media":0,"comment_status":"closed","ping_status":"closed","sticky":false,"template":"","format":"standard","meta":{"footnotes":""},"categories":[21,14,15],"tags":[33,48,46],"yoast_head":"<!-- This site is optimized with the Yoast SEO plugin v21.7 - https:\/\/yoast.com\/wordpress\/plugins\/seo\/ -->\n<title>\u00a1Colombia, tierra querida! - Aspaen Atavanza<\/title>\n<meta name=\"robots\" content=\"index, follow, max-snippet:-1, max-image-preview:large, max-video-preview:-1\" \/>\n<link rel=\"canonical\" href=\"https:\/\/aspaen.edu.co\/atavanza\/2021\/07\/30\/colombia-tierra-querida\/\" \/>\n<meta property=\"og:locale\" content=\"es_ES\" \/>\n<meta property=\"og:type\" content=\"article\" \/>\n<meta property=\"og:title\" content=\"\u00a1Colombia, tierra querida! - Aspaen Atavanza\" \/>\n<meta property=\"og:description\" content=\"\u00a1Seguimos guardando recuerdos inolvidables! En esta ocasi\u00f3n, descubrimos lo tradicional de nuestra cultura colombiana, llena de m\u00fasica y baile. Nos llena de alegr\u00eda compartir con nuestros peque\u00f1os y aprender juntos.\" \/>\n<meta property=\"og:url\" content=\"https:\/\/aspaen.edu.co\/atavanza\/2021\/07\/30\/colombia-tierra-querida\/\" \/>\n<meta property=\"og:site_name\" content=\"Aspaen Atavanza\" \/>\n<meta property=\"article:published_time\" content=\"2021-07-30T13:31:57+00:00\" \/>\n<meta property=\"article:modified_time\" content=\"2021-07-30T13:31:59+00:00\" \/>\n<meta property=\"og:image\" content=\"https:\/\/aspaen.edu.co\/atavanza\/wp-content\/uploads\/sites\/38\/2021\/07\/JULIO-26-SummerCampCol2-1-1024x1024.png\" \/>\n<meta name=\"twitter:card\" content=\"summary_large_image\" \/>\n<meta name=\"twitter:label1\" content=\"Escrito por\" \/>\n\t<meta name=\"twitter:data1\" content=\"\" \/>\n<script type=\"application\/ld+json\" class=\"yoast-schema-graph\">{\"@context\":\"https:\/\/schema.org\",\"@graph\":[{\"@type\":\"Article\",\"@id\":\"https:\/\/aspaen.edu.co\/atavanza\/2021\/07\/30\/colombia-tierra-querida\/#article\",\"isPartOf\":{\"@id\":\"https:\/\/aspaen.edu.co\/atavanza\/2021\/07\/30\/colombia-tierra-querida\/\"},\"author\":{\"name\":\"\",\"@id\":\"\"},\"headline\":\"\u00a1Colombia, tierra querida!\",\"datePublished\":\"2021-07-30T13:31:57+00:00\",\"dateModified\":\"2021-07-30T13:31:59+00:00\",\"mainEntityOfPage\":{\"@id\":\"https:\/\/aspaen.edu.co\/atavanza\/2021\/07\/30\/colombia-tierra-querida\/\"},\"wordCount\":37,\"publisher\":{\"@id\":\"https:\/\/aspaen.edu.co\/atavanza\/#organization\"},\"keywords\":[\"Atavanza\",\"momentos\",\"Summer Camp\"],\"articleSection\":[\"Aspaen\",\"Atavanza\",\"Momentos\"],\"inLanguage\":\"es\"},{\"@type\":\"WebPage\",\"@id\":\"https:\/\/aspaen.edu.co\/atavanza\/2021\/07\/30\/colombia-tierra-querida\/\",\"url\":\"https:\/\/aspaen.edu.co\/atavanza\/2021\/07\/30\/colombia-tierra-querida\/\",\"name\":\"\u00a1Colombia, tierra querida! - Aspaen Atavanza\",\"isPartOf\":{\"@id\":\"https:\/\/aspaen.edu.co\/atavanza\/#website\"},\"datePublished\":\"2021-07-30T13:31:57+00:00\",\"dateModified\":\"2021-07-30T13:31:59+00:00\",\"breadcrumb\":{\"@id\":\"https:\/\/aspaen.edu.co\/atavanza\/2021\/07\/30\/colombia-tierra-querida\/#breadcrumb\"},\"inLanguage\":\"es\",\"potentialAction\":[{\"@type\":\"ReadAction\",\"target\":[\"https:\/\/aspaen.edu.co\/atavanza\/2021\/07\/30\/colombia-tierra-querida\/\"]}]},{\"@type\":\"BreadcrumbList\",\"@id\":\"https:\/\/aspaen.edu.co\/atavanza\/2021\/07\/30\/colombia-tierra-querida\/#breadcrumb\",\"itemListElement\":[{\"@type\":\"ListItem\",\"position\":1,\"name\":\"Portada\",\"item\":\"https:\/\/aspaen.edu.co\/atavanza\/\"},{\"@type\":\"ListItem\",\"position\":2,\"name\":\"\u00a1Colombia, tierra querida!\"}]},{\"@type\":\"WebSite\",\"@id\":\"https:\/\/aspaen.edu.co\/atavanza\/#website\",\"url\":\"https:\/\/aspaen.edu.co\/atavanza\/\",\"name\":\"Aspaen Atavanza\",\"description\":\"Un buen comienzo para un buen futuro\",\"publisher\":{\"@id\":\"https:\/\/aspaen.edu.co\/atavanza\/#organization\"},\"potentialAction\":[{\"@type\":\"SearchAction\",\"target\":{\"@type\":\"EntryPoint\",\"urlTemplate\":\"https:\/\/aspaen.edu.co\/atavanza\/?s={search_term_string}\"},\"query-input\":\"required name=search_term_string\"}],\"inLanguage\":\"es\"},{\"@type\":\"Organization\",\"@id\":\"https:\/\/aspaen.edu.co\/atavanza\/#organization\",\"name\":\"Aspaen Atavanza\",\"url\":\"https:\/\/aspaen.edu.co\/atavanza\/\",\"logo\":{\"@type\":\"ImageObject\",\"inLanguage\":\"es\",\"@id\":\"https:\/\/aspaen.edu.co\/atavanza\/#\/schema\/logo\/image\/\",\"url\":\"https:\/\/aspaen.edu.co\/atavanza\/wp-content\/uploads\/sites\/38\/2020\/01\/logo-atavanza.png\",\"contentUrl\":\"https:\/\/aspaen.edu.co\/atavanza\/wp-content\/uploads\/sites\/38\/2020\/01\/logo-atavanza.png\",\"width\":252,\"height\":80,\"caption\":\"Aspaen Atavanza\"},\"image\":{\"@id\":\"https:\/\/aspaen.edu.co\/atavanza\/#\/schema\/logo\/image\/\"}},{\"@type\":\"Person\",\"@id\":\"\",\"url\":\"https:\/\/aspaen.edu.co\/atavanza\/author\/\"}]}<\/script>\n<!-- \/ Yoast SEO plugin. -->","yoast_head_json":{"title":"\u00a1Colombia, tierra querida! - Aspaen Atavanza","robots":{"index":"index","follow":"follow","max-snippet":"max-snippet:-1","max-image-preview":"max-image-preview:large","max-video-preview":"max-video-preview:-1"},"canonical":"https:\/\/aspaen.edu.co\/atavanza\/2021\/07\/30\/colombia-tierra-querida\/","og_locale":"es_ES","og_type":"article","og_title":"\u00a1Colombia, tierra querida! - Aspaen Atavanza","og_description":"\u00a1Seguimos guardando recuerdos inolvidables! En esta ocasi\u00f3n, descubrimos lo tradicional de nuestra cultura colombiana, llena de m\u00fasica y baile. Nos llena de alegr\u00eda compartir con nuestros peque\u00f1os y aprender juntos.","og_url":"https:\/\/aspaen.edu.co\/atavanza\/2021\/07\/30\/colombia-tierra-querida\/","og_site_name":"Aspaen Atavanza","article_published_time":"2021-07-30T13:31:57+00:00","article_modified_time":"2021-07-30T13:31:59+00:00","og_image":[{"url":"https:\/\/aspaen.edu.co\/atavanza\/wp-content\/uploads\/sites\/38\/2021\/07\/JULIO-26-SummerCampCol2-1-1024x1024.png"}],"twitter_card":"summary_large_image","twitter_misc":{"Escrito por":""},"schema":{"@context":"https:\/\/schema.org","@graph":[{"@type":"Article","@id":"https:\/\/aspaen.edu.co\/atavanza\/2021\/07\/30\/colombia-tierra-querida\/#article","isPartOf":{"@id":"https:\/\/aspaen.edu.co\/atavanza\/2021\/07\/30\/colombia-tierra-querida\/"},"author":{"name":"","@id":""},"headline":"\u00a1Colombia, tierra querida!","datePublished":"2021-07-30T13:31:57+00:00","dateModified":"2021-07-30T13:31:59+00:00","mainEntityOfPage":{"@id":"https:\/\/aspaen.edu.co\/atavanza\/2021\/07\/30\/colombia-tierra-querida\/"},"wordCount":37,"publisher":{"@id":"https:\/\/aspaen.edu.co\/atavanza\/#organization"},"keywords":["Atavanza","momentos","Summer Camp"],"articleSection":["Aspaen","Atavanza","Momentos"],"inLanguage":"es"},{"@type":"WebPage","@id":"https:\/\/aspaen.edu.co\/atavanza\/2021\/07\/30\/colombia-tierra-querida\/","url":"https:\/\/aspaen.edu.co\/atavanza\/2021\/07\/30\/colombia-tierra-querida\/","name":"\u00a1Colombia, tierra querida! - Aspaen Atavanza","isPartOf":{"@id":"https:\/\/aspaen.edu.co\/atavanza\/#website"},"datePublished":"2021-07-30T13:31:57+00:00","dateModified":"2021-07-30T13:31:59+00:00","breadcrumb":{"@id":"https:\/\/aspaen.edu.co\/atavanza\/2021\/07\/30\/colombia-tierra-querida\/#breadcrumb"},"inLanguage":"es","potentialAction":[{"@type":"ReadAction","target":["https:\/\/aspaen.edu.co\/atavanza\/2021\/07\/30\/colombia-tierra-querida\/"]}]},{"@type":"BreadcrumbList","@id":"https:\/\/aspaen.edu.co\/atavanza\/2021\/07\/30\/colombia-tierra-querida\/#breadcrumb","itemListElement":[{"@type":"ListItem","position":1,"name":"Portada","item":"https:\/\/aspaen.edu.co\/atavanza\/"},{"@type":"ListItem","position":2,"name":"\u00a1Colombia, tierra querida!"}]},{"@type":"WebSite","@id":"https:\/\/aspaen.edu.co\/atavanza\/#website","url":"https:\/\/aspaen.edu.co\/atavanza\/","name":"Aspaen Atavanza","description":"Un buen comienzo para un buen futuro","publisher":{"@id":"https:\/\/aspaen.edu.co\/atavanza\/#organization"},"potentialAction":[{"@type":"SearchAction","target":{"@type":"EntryPoint","urlTemplate":"https:\/\/aspaen.edu.co\/atavanza\/?s={search_term_string}"},"query-input":"required name=search_term_string"}],"inLanguage":"es"},{"@type":"Organization","@id":"https:\/\/aspaen.edu.co\/atavanza\/#organization","name":"Aspaen Atavanza","url":"https:\/\/aspaen.edu.co\/atavanza\/","logo":{"@type":"ImageObject","inLanguage":"es","@id":"https:\/\/aspaen.edu.co\/atavanza\/#\/schema\/logo\/image\/","url":"https:\/\/aspaen.edu.co\/atavanza\/wp-content\/uploads\/sites\/38\/2020\/01\/logo-atavanza.png","contentUrl":"https:\/\/aspaen.edu.co\/atavanza\/wp-content\/uploads\/sites\/38\/2020\/01\/logo-atavanza.png","width":252,"height":80,"caption":"Aspaen Atavanza"},"image":{"@id":"https:\/\/aspaen.edu.co\/atavanza\/#\/schema\/logo\/image\/"}},{"@type":"Person","@id":"","url":"https:\/\/aspaen.edu.co\/atavanza\/author\/"}]}},"_links":{"self":[{"href":"https:\/\/aspaen.edu.co\/atavanza\/wp-json\/wp\/v2\/posts\/2451"}],"collection":[{"href":"https:\/\/aspaen.edu.co\/atavanza\/wp-json\/wp\/v2\/posts"}],"about":[{"href":"https:\/\/aspaen.edu.co\/atavanza\/wp-json\/wp\/v2\/types\/post"}],"author":[{"embeddable":true,"href":"https:\/\/aspaen.edu.co\/atavanza\/wp-json\/wp\/v2\/users\/15"}],"replies":[{"embeddable":true,"href":"https:\/\/aspaen.edu.co\/atavanza\/wp-json\/wp\/v2\/comments?post=2451"}],"version-history":[{"count":0,"href":"https:\/\/aspaen.edu.co\/atavanza\/wp-json\/wp\/v2\/posts\/2451\/revisions"}],"wp:attachment":[{"href":"https:\/\/aspaen.edu.co\/atavanza\/wp-json\/wp\/v2\/media?parent=2451"}],"wp:term":[{"taxonomy":"category","embeddable":true,"href":"https:\/\/aspaen.edu.co\/atavanza\/wp-json\/wp\/v2\/categories?post=2451"},{"taxonomy":"post_tag","embeddable":true,"href":"https:\/\/aspaen.edu.co\/atavanza\/wp-json\/wp\/v2\/tags?post=2451"}],"curies":[{"name":"wp","href":"https:\/\/api.w.org\/{rel}","templated":true}]}}